{"id":26597,"date":"2021-07-15T08:21:24","date_gmt":"2021-07-15T11:21:24","guid":{"rendered":"http:\/\/www.centraldenoticias.com.ar\/?p=26597"},"modified":"2021-07-15T09:44:56","modified_gmt":"2021-07-15T12:44:56","slug":"comenzaron-las-obras-previas-a-la-repavimentacion-de-alberdi","status":"publish","type":"post","link":"https:\/\/cdnoticias.com\/index.php\/2021\/07\/15\/comenzaron-las-obras-previas-a-la-repavimentacion-de-alberdi\/","title":{"rendered":"Comenzaron las obras previas a la repavimentaci\u00f3n de Alberdi"},"content":{"rendered":"<p>Los trabajos se desarrollan en los desag\u00fces en una primera etapa en el tramo entre Col\u00f3n y Sarmiento. Las obras est\u00e1n a cargo de la empresa \u201cBurgart N\u00e9stor Miguel\u201d.<!--more--><\/p>\n<hr \/>\n<p><strong>Sobre la avenida Alberdi entre Col\u00f3n y Sarmiento comenzaron los trabajos previos a la repavimentaci\u00f3n<\/strong>.<\/p>\n<p>&nbsp;<\/p>\n<blockquote><p>Desde el lunes las obras se desarrollan en los desag\u00fces del tramo, tanto en el cruce con Hip\u00f3lito Yrigoyen como con Rep\u00fablica del L\u00edbano.<\/p><\/blockquote>\n<p>&nbsp;<\/p>\n<p>La Municipalidad hab\u00eda anunciado la <strong>repavimentaci\u00f3n de 12 cuadras de Alberdi desde Sarmiento hasta San Mart\u00edn<\/strong> en dos tramos con una inversi\u00f3n total prevista de 60 millones de pesos del Fondo de Infraestructura Municipal.<\/p>\n<p><img data-recalc-dims=\"1\" loading=\"lazy\" decoding=\"async\" class=\"size-full wp-image-26610 aligncenter\" src=\"https:\/\/i0.wp.com\/cdnoticias.com\/wp-content\/uploads\/2021\/07\/alberdi-repavimentacion-desag%C3%BCes00.jpg?resize=800%2C445&#038;ssl=1\" alt=\"\" width=\"800\" height=\"445\" srcset=\"https:\/\/i0.wp.com\/cdnoticias.com\/wp-content\/uploads\/2021\/07\/alberdi-repavimentacion-desag%C3%BCes00.jpg?w=800&amp;ssl=1 800w, https:\/\/i0.wp.com\/cdnoticias.com\/wp-content\/uploads\/2021\/07\/alberdi-repavimentacion-desag%C3%BCes00.jpg?resize=300%2C167&amp;ssl=1 300w, https:\/\/i0.wp.com\/cdnoticias.com\/wp-content\/uploads\/2021\/07\/alberdi-repavimentacion-desag%C3%BCes00.jpg?resize=768%2C427&amp;ssl=1 768w\" sizes=\"auto, (max-width: 800px) 100vw, 800px\" \/><\/p>\n<p>La licitaci\u00f3n se dividi\u00f3 en dos partes y <strong>el primer tramo de la obra comprende entre Sarmiento y Col\u00f3n<\/strong> donde este lunes comenzaron los trabajos.\u00a0<strong>Est\u00e1n a cargo de la empresa \u201cBurgart N\u00e9stor Miguel\u201d<\/strong> que hab\u00eda cotizado por 28 millones de pesos.<\/p>\n<p>&nbsp;<\/p>\n<p>Para la obra se previ\u00f3 la realizaci\u00f3n de un pavimento de H\u00baS\u00ba tipo H30 de 0.18 metros de espesor asentado sobre un paquete estructural comprendido por una subrasante existente recompactada y una base de tosca.<\/p>\n<p>&nbsp;<\/p>\n<p>En cuanto a los trabajos hidr\u00e1ulicos, que ya comenzaron, se defini\u00f3 la reconstrucci\u00f3n de los sumideros, llevados todos a tipo S4 con nueva conexi\u00f3n a desag\u00fce pluvial existente en la avenida. Los cordones cunetas se reparar\u00e1n en los sectores desnivelados.<\/p>\n<p><img data-recalc-dims=\"1\" loading=\"lazy\" decoding=\"async\" class=\"size-full wp-image-26612 aligncenter\" src=\"https:\/\/i0.wp.com\/cdnoticias.com\/wp-content\/uploads\/2021\/07\/alberdi-repavimentacion-desag%C3%BCes05.jpg?resize=800%2C445&#038;ssl=1\" alt=\"\" width=\"800\" height=\"445\" srcset=\"https:\/\/i0.wp.com\/cdnoticias.com\/wp-content\/uploads\/2021\/07\/alberdi-repavimentacion-desag%C3%BCes05.jpg?w=800&amp;ssl=1 800w, https:\/\/i0.wp.com\/cdnoticias.com\/wp-content\/uploads\/2021\/07\/alberdi-repavimentacion-desag%C3%BCes05.jpg?resize=300%2C167&amp;ssl=1 300w, https:\/\/i0.wp.com\/cdnoticias.com\/wp-content\/uploads\/2021\/07\/alberdi-repavimentacion-desag%C3%BCes05.jpg?resize=768%2C427&amp;ssl=1 768w\" sizes=\"auto, (max-width: 800px) 100vw, 800px\" \/><\/p>\n<p>&nbsp;<\/p>\n<p>Desde la Municipalidad se hab\u00eda detallado que \u201cla avenida tendr\u00e1 dos manos de 6.50 metros libres para el tr\u00e1nsito, con un separador central rellenado con tierra vegetal libre de elementos calc\u00e1reos\u201d.<\/p>\n<p>&nbsp;<\/p>\n<p>Por \u00faltimo, se indic\u00f3 que se construir\u00e1n mesetas reguladoras de la velocidad del tr\u00e1nsito, en las inmediaciones de los establecimientos educativos aleda\u00f1os.<\/p>\n<p>&nbsp;<\/p>\n<p>Cuando se anunci\u00f3 la repavimentaci\u00f3n de las 12 cuadras, el intendente Ezequiel Galli hab\u00eda destacado que <strong>\u201cla avenida Alberdi es el principal acceso a diferentes barrios de nuestra ciudad y la repavimentaci\u00f3n en este tramo permitir\u00e1 una notable mejora de la transitabilidad\u201d<\/strong>.<\/p>\n<p><img data-recalc-dims=\"1\" loading=\"lazy\" decoding=\"async\" class=\"alignnone size-large wp-image-26613\" src=\"https:\/\/i0.wp.com\/cdnoticias.com\/wp-content\/uploads\/2021\/07\/alberdi-repavimentacion-desag%C3%BCes04.jpg?resize=800%2C600&#038;ssl=1\" alt=\"\" width=\"800\" height=\"600\" srcset=\"https:\/\/i0.wp.com\/cdnoticias.com\/wp-content\/uploads\/2021\/07\/alberdi-repavimentacion-desag%C3%BCes04.jpg?w=800&amp;ssl=1 800w, https:\/\/i0.wp.com\/cdnoticias.com\/wp-content\/uploads\/2021\/07\/alberdi-repavimentacion-desag%C3%BCes04.jpg?resize=300%2C225&amp;ssl=1 300w, https:\/\/i0.wp.com\/cdnoticias.com\/wp-content\/uploads\/2021\/07\/alberdi-repavimentacion-desag%C3%BCes04.jpg?resize=768%2C576&amp;ssl=1 768w\" sizes=\"auto, (max-width: 800px) 100vw, 800px\" \/><\/p>\n<p><img data-recalc-dims=\"1\" loading=\"lazy\" decoding=\"async\" class=\"alignnone size-large wp-image-26614\" src=\"https:\/\/i0.wp.com\/cdnoticias.com\/wp-content\/uploads\/2021\/07\/alberdi-repavimentacion-desag%C3%BCes01.jpg?resize=800%2C445&#038;ssl=1\" alt=\"\" width=\"800\" height=\"445\" srcset=\"https:\/\/i0.wp.com\/cdnoticias.com\/wp-content\/uploads\/2021\/07\/alberdi-repavimentacion-desag%C3%BCes01.jpg?w=800&amp;ssl=1 800w, https:\/\/i0.wp.com\/cdnoticias.com\/wp-content\/uploads\/2021\/07\/alberdi-repavimentacion-desag%C3%BCes01.jpg?resize=300%2C167&amp;ssl=1 300w, https:\/\/i0.wp.com\/cdnoticias.com\/wp-content\/uploads\/2021\/07\/alberdi-repavimentacion-desag%C3%BCes01.jpg?resize=768%2C427&amp;ssl=1 768w\" sizes=\"auto, (max-width: 800px) 100vw, 800px\" \/><\/p>\n","protected":false},"excerpt":{"rendered":"<p>Los trabajos se desarrollan en los desag\u00fces en una primera etapa en el tramo entre Col\u00f3n y Sarmiento. Las obras<\/p>\n","protected":false},"author":2,"featured_media":26609,"comment_status":"closed","ping_status":"closed","sticky":false,"template":"","format":"standard","meta":{"_jetpack_memberships_contains_paid_content":false,"footnotes":""},"categories":[5,1],"tags":[],"class_list":["post-26597","post","type-post","status-publish","format-standard","has-post-thumbnail","hentry","category-informacion-general","category-portada"],"jetpack_featured_media_url":"https:\/\/i0.wp.com\/cdnoticias.com\/wp-content\/uploads\/2021\/07\/alberdi-repavimentacion-desag%C3%BCes03.jpg?fit=800%2C445&ssl=1","jetpack_sharing_enabled":true,"_links":{"self":[{"href":"https:\/\/cdnoticias.com\/index.php\/wp-json\/wp\/v2\/posts\/26597","targetHints":{"allow":["GET"]}}],"collection":[{"href":"https:\/\/cdnoticias.com\/index.php\/wp-json\/wp\/v2\/posts"}],"about":[{"href":"https:\/\/cdnoticias.com\/index.php\/wp-json\/wp\/v2\/types\/post"}],"author":[{"embeddable":true,"href":"https:\/\/cdnoticias.com\/index.php\/wp-json\/wp\/v2\/users\/2"}],"replies":[{"embeddable":true,"href":"https:\/\/cdnoticias.com\/index.php\/wp-json\/wp\/v2\/comments?post=26597"}],"version-history":[{"count":0,"href":"https:\/\/cdnoticias.com\/index.php\/wp-json\/wp\/v2\/posts\/26597\/revisions"}],"wp:featuredmedia":[{"embeddable":true,"href":"https:\/\/cdnoticias.com\/index.php\/wp-json\/wp\/v2\/media\/26609"}],"wp:attachment":[{"href":"https:\/\/cdnoticias.com\/index.php\/wp-json\/wp\/v2\/media?parent=26597"}],"wp:term":[{"taxonomy":"category","embeddable":true,"href":"https:\/\/cdnoticias.com\/index.php\/wp-json\/wp\/v2\/categories?post=26597"},{"taxonomy":"post_tag","embeddable":true,"href":"https:\/\/cdnoticias.com\/index.php\/wp-json\/wp\/v2\/tags?post=26597"}],"curies":[{"name":"wp","href":"https:\/\/api.w.org\/{rel}","templated":true}]}}