{"id":26591,"date":"2021-07-14T13:56:58","date_gmt":"2021-07-14T16:56:58","guid":{"rendered":"http:\/\/www.centraldenoticias.com.ar\/?p=26591"},"modified":"2021-07-14T13:56:58","modified_gmt":"2021-07-14T16:56:58","slug":"manuel-carlos-francisco-martinez-carlitos-q-e-p-d","status":"publish","type":"post","link":"https:\/\/cdnoticias.com\/index.php\/2021\/07\/14\/manuel-carlos-francisco-martinez-carlitos-q-e-p-d\/","title":{"rendered":"Manuel Carlos Francisco Mart\u00ednez &#8220;Carlitos&#8221; (Q.E.P.D.)"},"content":{"rendered":"<p>Falleci\u00f3 en Olavarr\u00eda el 14 de julio de 2021 a los 82 a\u00f1os. Su hermana Mabel Lilian Mart\u00ednez; su cu\u00f1ado Daniel Antonio Panarace; sus sobrinos Gabriel, Carolina, Mart\u00edn, Erika, Augusto y Mariana; sus sobrinos-nietos Agustina, Emilia, Catalina, Mat\u00edas, Amparo, Juli\u00e1n, Delfina, Francesco, Santiago y Antonia, sus primos y dem\u00e1s deudos participan su fallecimiento.<\/p>\n<p>&nbsp;<\/p>\n<p>Sus restos ser\u00e1n velados en la Sala de Espa\u00f1a 2942, departamento \u201cD\u201d desde las 07:30 horas de este jueves e inhumados en el Cementerio Loma de Paz, previo responso en la Capilla Ardiente a las 09:30 horas. Nacido en Olavarr\u00eda, vecino de microcentro, jubilado.<\/p>\n","protected":false},"excerpt":{"rendered":"<p>Falleci\u00f3 en Olavarr\u00eda el 14 de julio de 2021 a los 82 a\u00f1os. Su hermana Mabel Lilian Mart\u00ednez; su cu\u00f1ado<\/p>\n","protected":false},"author":2,"featured_media":0,"comment_status":"closed","ping_status":"closed","sticky":false,"template":"","format":"standard","meta":{"_jetpack_memberships_contains_paid_content":false,"footnotes":""},"categories":[10],"tags":[],"class_list":["post-26591","post","type-post","status-publish","format-standard","hentry","category-necrologicas"],"jetpack_featured_media_url":"","jetpack_sharing_enabled":true,"_links":{"self":[{"href":"https:\/\/cdnoticias.com\/index.php\/wp-json\/wp\/v2\/posts\/26591","targetHints":{"allow":["GET"]}}],"collection":[{"href":"https:\/\/cdnoticias.com\/index.php\/wp-json\/wp\/v2\/posts"}],"about":[{"href":"https:\/\/cdnoticias.com\/index.php\/wp-json\/wp\/v2\/types\/post"}],"author":[{"embeddable":true,"href":"https:\/\/cdnoticias.com\/index.php\/wp-json\/wp\/v2\/users\/2"}],"replies":[{"embeddable":true,"href":"https:\/\/cdnoticias.com\/index.php\/wp-json\/wp\/v2\/comments?post=26591"}],"version-history":[{"count":0,"href":"https:\/\/cdnoticias.com\/index.php\/wp-json\/wp\/v2\/posts\/26591\/revisions"}],"wp:attachment":[{"href":"https:\/\/cdnoticias.com\/index.php\/wp-json\/wp\/v2\/media?parent=26591"}],"wp:term":[{"taxonomy":"category","embeddable":true,"href":"https:\/\/cdnoticias.com\/index.php\/wp-json\/wp\/v2\/categories?post=26591"},{"taxonomy":"post_tag","embeddable":true,"href":"https:\/\/cdnoticias.com\/index.php\/wp-json\/wp\/v2\/tags?post=26591"}],"curies":[{"name":"wp","href":"https:\/\/api.w.org\/{rel}","templated":true}]}}