{"id":26583,"date":"2021-07-14T11:19:12","date_gmt":"2021-07-14T14:19:12","guid":{"rendered":"http:\/\/www.centraldenoticias.com.ar\/?p=26583"},"modified":"2021-07-14T11:19:12","modified_gmt":"2021-07-14T14:19:12","slug":"gollan-y-aguilera-daran-una-charla-virtual-sobre-sistema-sanitario-bonaerense-y-pandemia","status":"publish","type":"post","link":"https:\/\/cdnoticias.com\/index.php\/2021\/07\/14\/gollan-y-aguilera-daran-una-charla-virtual-sobre-sistema-sanitario-bonaerense-y-pandemia\/","title":{"rendered":"Goll\u00e1n y Aguilera dar\u00e1n una charla virtual sobre \u201csistema sanitario bonaerense y pandemia\u201d"},"content":{"rendered":"<p>Organizada por la Mesa de Acci\u00f3n Pol\u00edtica del PJ Olavarr\u00eda, se debatir\u00e1 sobre lo realizado por la Provincia en materia de salud durante la pandemia.\u00a0<!--more--><\/p>\n<hr \/>\n<p>La Mesa de Acci\u00f3n Pol\u00edtica PJ Olavarr\u00eda confirm\u00f3 la<strong> realizaci\u00f3n de un encuentro virtual que brindar\u00e1n este viernes el Ministro de Salud Bonaerense Daniel Goll\u00e1n y el presidente del PJ local Federico Aguilera v\u00eda Zoom.<\/strong><\/p>\n<p>&nbsp;<\/p>\n<p>El objetivo del encuentro es<em> \u201cconocer en profundidad todas las medidas que tom\u00f3 el Gobernador Axel Kicillof y su equipo de salud encabezado por Goll\u00e1n durante en el contexto\u00a0 de pandemia donde la Provincia de Buenos Aires tuvo que adaptar completamente el sistema sanitario\u201d.<\/em><\/p>\n<p>&nbsp;<\/p>\n<p><img data-recalc-dims=\"1\" loading=\"lazy\" decoding=\"async\" class=\"alignnone size-large wp-image-26584\" src=\"https:\/\/i0.wp.com\/cdnoticias.com\/wp-content\/uploads\/2021\/07\/WhatsApp-Image-2021-07-14-at-10.48.52.jpeg?resize=800%2C800&#038;ssl=1\" alt=\"\" width=\"800\" height=\"800\" srcset=\"https:\/\/i0.wp.com\/cdnoticias.com\/wp-content\/uploads\/2021\/07\/WhatsApp-Image-2021-07-14-at-10.48.52.jpeg?resize=1024%2C1024&amp;ssl=1 1024w, https:\/\/i0.wp.com\/cdnoticias.com\/wp-content\/uploads\/2021\/07\/WhatsApp-Image-2021-07-14-at-10.48.52.jpeg?resize=150%2C150&amp;ssl=1 150w, https:\/\/i0.wp.com\/cdnoticias.com\/wp-content\/uploads\/2021\/07\/WhatsApp-Image-2021-07-14-at-10.48.52.jpeg?resize=300%2C300&amp;ssl=1 300w, https:\/\/i0.wp.com\/cdnoticias.com\/wp-content\/uploads\/2021\/07\/WhatsApp-Image-2021-07-14-at-10.48.52.jpeg?resize=768%2C768&amp;ssl=1 768w, https:\/\/i0.wp.com\/cdnoticias.com\/wp-content\/uploads\/2021\/07\/WhatsApp-Image-2021-07-14-at-10.48.52.jpeg?w=1280&amp;ssl=1 1280w\" sizes=\"auto, (max-width: 800px) 100vw, 800px\" \/><\/p>\n<p>&nbsp;<\/p>\n<p>Adem\u00e1s el PJ destac\u00f3 que desde este martes,<strong> Olavarr\u00eda es una de las nuevas \u201cciudades protegidas\u201d debido al alto porcentaje de vacunados,<\/strong> por lo que <em>\u201cesta excelente noticia tambi\u00e9n ser\u00e1 compartida y analizada junto al ministro y todas las personas que participen\u201d.<\/em><\/p>\n<p>&nbsp;<\/p>\n<p>Para asistir a la charla \u201cRecuperaci\u00f3n del Sistema Sanitario y abordaje de la Pandemia\u201d que se realizar\u00e1 este viernes 16 de julio a las 19 horas <a href=\"https:\/\/bit.ly\/36vzhnx\" target=\"_blank\" rel=\"noopener\">deber\u00e1n inscribirse v\u00eda online en este link\u00a0<\/a><\/p>\n","protected":false},"excerpt":{"rendered":"<p>Organizada por la Mesa de Acci\u00f3n Pol\u00edtica del PJ Olavarr\u00eda, se debatir\u00e1 sobre lo realizado por la Provincia en materia<\/p>\n","protected":false},"author":2,"featured_media":0,"comment_status":"closed","ping_status":"closed","sticky":false,"template":"","format":"standard","meta":{"_jetpack_memberships_contains_paid_content":false,"footnotes":""},"categories":[4,1],"tags":[],"class_list":["post-26583","post","type-post","status-publish","format-standard","hentry","category-politica","category-portada"],"jetpack_featured_media_url":"","jetpack_sharing_enabled":true,"_links":{"self":[{"href":"https:\/\/cdnoticias.com\/index.php\/wp-json\/wp\/v2\/posts\/26583","targetHints":{"allow":["GET"]}}],"collection":[{"href":"https:\/\/cdnoticias.com\/index.php\/wp-json\/wp\/v2\/posts"}],"about":[{"href":"https:\/\/cdnoticias.com\/index.php\/wp-json\/wp\/v2\/types\/post"}],"author":[{"embeddable":true,"href":"https:\/\/cdnoticias.com\/index.php\/wp-json\/wp\/v2\/users\/2"}],"replies":[{"embeddable":true,"href":"https:\/\/cdnoticias.com\/index.php\/wp-json\/wp\/v2\/comments?post=26583"}],"version-history":[{"count":0,"href":"https:\/\/cdnoticias.com\/index.php\/wp-json\/wp\/v2\/posts\/26583\/revisions"}],"wp:attachment":[{"href":"https:\/\/cdnoticias.com\/index.php\/wp-json\/wp\/v2\/media?parent=26583"}],"wp:term":[{"taxonomy":"category","embeddable":true,"href":"https:\/\/cdnoticias.com\/index.php\/wp-json\/wp\/v2\/categories?post=26583"},{"taxonomy":"post_tag","embeddable":true,"href":"https:\/\/cdnoticias.com\/index.php\/wp-json\/wp\/v2\/tags?post=26583"}],"curies":[{"name":"wp","href":"https:\/\/api.w.org\/{rel}","templated":true}]}}