{"id":26578,"date":"2021-07-14T10:34:55","date_gmt":"2021-07-14T13:34:55","guid":{"rendered":"http:\/\/www.centraldenoticias.com.ar\/?p=26578"},"modified":"2021-07-14T10:42:56","modified_gmt":"2021-07-14T13:42:56","slug":"lanzan-el-relevamiento-mipyme-olavarriense","status":"publish","type":"post","link":"https:\/\/cdnoticias.com\/index.php\/2021\/07\/14\/lanzan-el-relevamiento-mipyme-olavarriense\/","title":{"rendered":"Lanzan el \u201cRelevamiento MIPyME Olavarriense\u201d"},"content":{"rendered":"<p>Se busca obtener \u201cinformaci\u00f3n socioecon\u00f3mica\u201d para dise\u00f1ar pol\u00edticas p\u00fablicas y tener \u201cuna herramienta para la toma de decisiones de estado vinculadas con el desarrollo econ\u00f3mico de nuestro Partido\u201d.\u00a0<!--more--><\/p>\n<hr \/>\n<p>La Secretar\u00eda de Desarrollo Econ\u00f3mico de la Municipalidad, junto al Centro de Desarrollo Emprendedor e Innovaci\u00f3n de la Facultad de Ingenier\u00eda, y el apoyo de instituciones empresariales de nuestra ciudad,<strong> lanzan el \u201cRelevamiento MIPyME Olavarriense\u201d.<\/strong><\/p>\n<p>&nbsp;<\/p>\n<p>El estudio se fundamenta en la necesidad que afronta nuestra ciudad de <em>\u201cobtener informaci\u00f3n socioecon\u00f3mica, a los efectos de aplicarla a la gesti\u00f3n p\u00fablica, especialmente como herramienta para la toma de decisiones de estado vinculadas con el desarrollo econ\u00f3mico de nuestro Partido\u201d.<\/em><\/p>\n<p>&nbsp;<\/p>\n<blockquote><p><strong>Dicho relevamiento se extender\u00e1 durante seis meses y los sectores a relevar son: industria, miner\u00eda, construcci\u00f3n, agroindustria, comercio y servicios.\u00a0<\/strong><\/p><\/blockquote>\n<p>&nbsp;<\/p>\n<p>Se realizar\u00e1 en dos etapas trimestrales, <strong>la metodolog\u00eda de aplicaci\u00f3n ser\u00e1 en una primera instancia de manera virtual<\/strong> y la segunda de manera presencial, que<strong> se iniciar\u00e1 este mi\u00e9rcoles 14 de julio.<\/strong><\/p>\n<p>&nbsp;<\/p>\n<p>Para la primera etapa se desarroll\u00f3 un<strong> cuestionario digital para la recolecci\u00f3n de datos, para obtener informaci\u00f3n en menor tiempo y a un menor costo, permitiendo que las personas lo puedan completar en el momento y en el lugar<\/strong>: desde su casa, su oficina, la f\u00e1brica. En este sentido, se apuesta a una mayor respuesta de manera virtual, en el marco del contexto de pandemia actual.<\/p>\n<p>&nbsp;<\/p>\n<p>Para llevar adelante esta instancia virtual, se cont\u00f3 con la <strong>colaboraci\u00f3n de la C\u00e1mara Empresaria Olavarr\u00eda, Uni\u00f3n Industrial Olavarr\u00eda, Asociaci\u00f3n propietarios Parque Industrial Olavarr\u00eda, Sociedad Rural Olavarr\u00eda y C\u00e1mara de la Piedra.<\/strong><\/p>\n<p>&nbsp;<\/p>\n<p>Despu\u00e9s del an\u00e1lisis del volumen de respuesta obtenido en la etapa virtual, <strong>se reforzar\u00e1 en una segunda instancia de manera presencial con estudiantes de la Facultad de Ingenier\u00eda para finalizar con el relevamiento total de las empresas olavarrienses<\/strong>.<\/p>\n<p>&nbsp;<\/p>\n<blockquote><p><a href=\"https:\/\/docs.google.com\/forms\/d\/e\/1FAIpQLSdPtlia-oEskbxQgP-lD0fQQ3tufRZ6ougcv8XLjyByeV5VAA\/viewform\" target=\"_blank\" rel=\"noopener\">\u00a0Para ingresar al formulario hacer clik en el siguiente link Relevamiento MIPyME Olavarriense<\/a><\/p><\/blockquote>\n<p>&nbsp;<\/p>\n<p>Por m\u00e1s informaci\u00f3n o inquietudes contactarse con la Secretar\u00eda de Desarrollo Econ\u00f3mico al 422195\/422135 o al Centro de Desarrollo Emprendedor de la Facultad de Ingenier\u00eda al 451055, interno 287.<\/p>\n","protected":false},"excerpt":{"rendered":"<p>Se busca obtener \u201cinformaci\u00f3n socioecon\u00f3mica\u201d para dise\u00f1ar pol\u00edticas p\u00fablicas y tener \u201cuna herramienta para la toma de decisiones de estado<\/p>\n","protected":false},"author":2,"featured_media":26579,"comment_status":"closed","ping_status":"closed","sticky":false,"template":"","format":"standard","meta":{"_jetpack_memberships_contains_paid_content":false,"footnotes":""},"categories":[5,1],"tags":[],"class_list":["post-26578","post","type-post","status-publish","format-standard","has-post-thumbnail","hentry","category-informacion-general","category-portada"],"jetpack_featured_media_url":"https:\/\/i0.wp.com\/cdnoticias.com\/wp-content\/uploads\/2021\/07\/Vista-Drone-Olavarr%C3%ADa-1-1024x682-e1639251255800.jpg?fit=980%2C558&ssl=1","jetpack_sharing_enabled":true,"_links":{"self":[{"href":"https:\/\/cdnoticias.com\/index.php\/wp-json\/wp\/v2\/posts\/26578","targetHints":{"allow":["GET"]}}],"collection":[{"href":"https:\/\/cdnoticias.com\/index.php\/wp-json\/wp\/v2\/posts"}],"about":[{"href":"https:\/\/cdnoticias.com\/index.php\/wp-json\/wp\/v2\/types\/post"}],"author":[{"embeddable":true,"href":"https:\/\/cdnoticias.com\/index.php\/wp-json\/wp\/v2\/users\/2"}],"replies":[{"embeddable":true,"href":"https:\/\/cdnoticias.com\/index.php\/wp-json\/wp\/v2\/comments?post=26578"}],"version-history":[{"count":0,"href":"https:\/\/cdnoticias.com\/index.php\/wp-json\/wp\/v2\/posts\/26578\/revisions"}],"wp:featuredmedia":[{"embeddable":true,"href":"https:\/\/cdnoticias.com\/index.php\/wp-json\/wp\/v2\/media\/26579"}],"wp:attachment":[{"href":"https:\/\/cdnoticias.com\/index.php\/wp-json\/wp\/v2\/media?parent=26578"}],"wp:term":[{"taxonomy":"category","embeddable":true,"href":"https:\/\/cdnoticias.com\/index.php\/wp-json\/wp\/v2\/categories?post=26578"},{"taxonomy":"post_tag","embeddable":true,"href":"https:\/\/cdnoticias.com\/index.php\/wp-json\/wp\/v2\/tags?post=26578"}],"curies":[{"name":"wp","href":"https:\/\/api.w.org\/{rel}","templated":true}]}}