{"id":26572,"date":"2021-07-14T09:11:34","date_gmt":"2021-07-14T12:11:34","guid":{"rendered":"http:\/\/www.centraldenoticias.com.ar\/?p=26572"},"modified":"2021-07-14T10:35:06","modified_gmt":"2021-07-14T13:35:06","slug":"plan-nacional-de-suelo-urbano-olavarria-tendra-lotes-con-servicio-para-inscripcion","status":"publish","type":"post","link":"https:\/\/cdnoticias.com\/index.php\/2021\/07\/14\/plan-nacional-de-suelo-urbano-olavarria-tendra-lotes-con-servicio-para-inscripcion\/","title":{"rendered":"Plan Nacional de Suelo Urbano: Olavarr\u00eda tendr\u00e1 \u201clotes con servicio\u201d para inscripci\u00f3n"},"content":{"rendered":"<p>As\u00ed fue confirmado por el Ministerio de Desarrollo Territorial y H\u00e1bitat. Es la primera instancia de inscripciones. Este Plan de Suelo Urbano se complementar\u00e1 con los respectivos cr\u00e9ditos para construcci\u00f3n.\u00a0<!--more--><\/p>\n<hr \/>\n<p>El <strong>Ministerio de Desarrollo Territorial y H\u00e1bitat de la Naci\u00f3n abri\u00f3, este \u00faltimo martes, la primera instancia de inscripciones para que familias de Olavarr\u00eda y otras 43 localidades del pa\u00eds puedan acceder a \u201clotes con servicios\u201d creados a trav\u00e9s del Plan Nacional de Suelo Urbano (PNASU) y Procrear II.<\/strong><\/p>\n<p>&nbsp;<\/p>\n<p>Cabe se\u00f1alar que estos lotes<em> \u201cse complementar\u00e1n con los respectivos cr\u00e9ditos para construcci\u00f3n\u201d<\/em> de esta iniciativa que forma parte del programa federal Casa Propia. El objetivo es generar <em>\u201c264 mil soluciones habitacionales para todo el pa\u00eds y garantizarle el derecho a la vivienda a todos los argentinos y argentinas\u201d.<\/em><\/p>\n<p>&nbsp;<\/p>\n<blockquote><p>En esta etapa, se podr\u00e1n inscribir en 30 municipios de la Provincia, <strong>lugar donde est\u00e1 incluido Olavarr\u00eda.<\/strong><\/p><\/blockquote>\n<p>&nbsp;<\/p>\n<p>El listado completo es Benito Ju\u00e1rez, Berazategui, Carmen de Areco, Coronel Su\u00e1rez, Exaltaci\u00f3n de la Cruz, Guamini, Las Flores, Mar Chiquita, Moreno, Pila, Tres Lomas, Villa Gesell, Luj\u00e1n, Hurlingham, Adolfo Alsina, Bah\u00eda Blanca, Gral. Villegas, La Plata, Lober\u00eda, Lobos, Mar del Plata, Pergamino, Saladillo, San Miguel del Monte, San Nicol\u00e1s de Los Arroyos, Tandil, Trenque Lauquen, Campana y Chacabuco.<\/p>\n<p>&nbsp;<\/p>\n<p><a href=\"https:\/\/www.argentina.gob.ar\/habitat\/procrear\/lotesconservicios\" target=\"_blank\" rel=\"noopener\">La inscripci\u00f3n est\u00e1 disponible en la p\u00e1gina web del programa<\/a> y al igual que todos los cr\u00e9ditos hipotecarios Procrear II, esta nueva instancia para adquirir lotes y cr\u00e9ditos para construcci\u00f3n incorpora la f\u00f3rmula Hog.Ar, <em>\u201cuna modalidad de actualizaci\u00f3n crediticia que al vincularse con a la evoluci\u00f3n de los salarios, protege los ingresos y brinda previsibilidad a las familias adjudicatarias\u201d.<\/em><\/p>\n","protected":false},"excerpt":{"rendered":"<p>As\u00ed fue confirmado por el Ministerio de Desarrollo Territorial y H\u00e1bitat. Es la primera instancia de inscripciones. Este Plan de<\/p>\n","protected":false},"author":2,"featured_media":26573,"comment_status":"closed","ping_status":"closed","sticky":false,"template":"","format":"standard","meta":{"_jetpack_memberships_contains_paid_content":false,"footnotes":""},"categories":[5,1],"tags":[],"class_list":["post-26572","post","type-post","status-publish","format-standard","has-post-thumbnail","hentry","category-informacion-general","category-portada"],"jetpack_featured_media_url":"https:\/\/i0.wp.com\/cdnoticias.com\/wp-content\/uploads\/2021\/07\/procrear-ii.jpg?fit=829%2C342&ssl=1","jetpack_sharing_enabled":true,"_links":{"self":[{"href":"https:\/\/cdnoticias.com\/index.php\/wp-json\/wp\/v2\/posts\/26572","targetHints":{"allow":["GET"]}}],"collection":[{"href":"https:\/\/cdnoticias.com\/index.php\/wp-json\/wp\/v2\/posts"}],"about":[{"href":"https:\/\/cdnoticias.com\/index.php\/wp-json\/wp\/v2\/types\/post"}],"author":[{"embeddable":true,"href":"https:\/\/cdnoticias.com\/index.php\/wp-json\/wp\/v2\/users\/2"}],"replies":[{"embeddable":true,"href":"https:\/\/cdnoticias.com\/index.php\/wp-json\/wp\/v2\/comments?post=26572"}],"version-history":[{"count":0,"href":"https:\/\/cdnoticias.com\/index.php\/wp-json\/wp\/v2\/posts\/26572\/revisions"}],"wp:featuredmedia":[{"embeddable":true,"href":"https:\/\/cdnoticias.com\/index.php\/wp-json\/wp\/v2\/media\/26573"}],"wp:attachment":[{"href":"https:\/\/cdnoticias.com\/index.php\/wp-json\/wp\/v2\/media?parent=26572"}],"wp:term":[{"taxonomy":"category","embeddable":true,"href":"https:\/\/cdnoticias.com\/index.php\/wp-json\/wp\/v2\/categories?post=26572"},{"taxonomy":"post_tag","embeddable":true,"href":"https:\/\/cdnoticias.com\/index.php\/wp-json\/wp\/v2\/tags?post=26572"}],"curies":[{"name":"wp","href":"https:\/\/api.w.org\/{rel}","templated":true}]}}