{"id":26564,"date":"2021-07-14T10:42:14","date_gmt":"2021-07-14T13:42:14","guid":{"rendered":"http:\/\/www.centraldenoticias.com.ar\/?p=26564"},"modified":"2021-07-14T13:12:06","modified_gmt":"2021-07-14T16:12:06","slug":"ignacio-montoya-carlotto-olavarria-es-una-ciudad-que-tiene-un-perfil-jazzero","status":"publish","type":"post","link":"https:\/\/cdnoticias.com\/index.php\/2021\/07\/14\/ignacio-montoya-carlotto-olavarria-es-una-ciudad-que-tiene-un-perfil-jazzero\/","title":{"rendered":"Ignacio Montoya Carlotto: \u201cOlavarr\u00eda es una ciudad que tiene un perfil jazzero\u201d"},"content":{"rendered":"<p>El m\u00fasico habl\u00f3 con Central de Noticias sobre el tercer Festival de Jazz de Olavarr\u00eda que se llevar\u00e1 a cabo los d\u00edas 16, 17 y 18 de julio, con entrada libre y gratuita. Los detalles del encuentro.<!--more--><\/p>\n<hr \/>\n<p><em>\u201cEstamos trabajando y con mucha ilusi\u00f3n\u201d,<\/em> asegur\u00f3 Ignacio Montoya Carlotto a pocos d\u00edas del inicio de la <strong>tercera edici\u00f3n del Festival de Jazz de Olavarr\u00eda.<\/strong> El encuentro se realizar\u00e1 los d\u00edas<strong> 16, 17 y 18 de julio, con entrada libre y gratuita<\/strong>, y genera expectativas por el regreso paulatino de las actividades culturales presenciales.<\/p>\n<p>&nbsp;<\/p>\n<p>Ignacio se\u00f1al\u00f3 que se preparan para el evento<strong><em> \u201ccon la misma inconsciencia que lo hicimos las veces anteriores\u201d<\/em><\/strong> porque<em> \u201cpara nosotros es muy importante que existan festivales de estas caracter\u00edsticas en la ciudad.<\/em><\/p>\n<p>&nbsp;<\/p>\n<p>De esta forma, con la productora <strong>Talleres Colgantes<\/strong> se embarcaron en el proyecto de organizar actividades pedag\u00f3gicas y de difusi\u00f3n de la m\u00fasica, y conciertos con artistas locales y nacionales del g\u00e9nero.<\/p>\n<p>&nbsp;<\/p>\n<p><em>\u201cCuando hicimos la primera edici\u00f3n ten\u00edamos muchas dudas y un poco apoyados en la reacci\u00f3n de los m\u00fasicos y dem\u00e1s hicimos la segunda y el plan siempre fue seguir haci\u00e9ndolo, pero la pandemia el a\u00f1o pasado nos impidi\u00f3 todo tipo de cuestiones\u201d<\/em>, detall\u00f3 y agreg\u00f3: <em>\u201clo \u00edbamos a hacer a principio de este a\u00f1o, pero tuvimos restricciones as\u00ed que <strong>ni bien apareci\u00f3 la luz de la fase 4 nos pusimos a programarlo<\/strong>\u201d.<\/em><\/p>\n<p>&nbsp;<\/p>\n<p>En esta oportunidad el Festival cuenta con la producci\u00f3n de Talleres Colgantes, el apoyo del Municipio y un subsidio provincial que permiti\u00f3 la realizaci\u00f3n.<\/p>\n<p>&nbsp;<\/p>\n<p><strong>Volver a los escenarios<\/strong><\/p>\n<p>&nbsp;<\/p>\n<p><strong><em>&#8220;<\/em><em>Es una persistencia al fracaso que va generando algo&#8221;<\/em><\/strong>, brome\u00f3 el m\u00fasico y habl\u00f3 de la necesidad de disfrutar de espect\u00e1culos presenciales. <em>\u201cSe nota que el p\u00fablico tiene ganas de ver cosas y obviamente nosotros los m\u00fasicos, tenemos muchas ganas de tocar\u201d<\/em>, indic\u00f3.<\/p>\n<p>&nbsp;<\/p>\n<p>A su vez, analiz\u00f3 el <strong>panorama local respecto al consumo del g\u00e9nero:<\/strong> \u201c<em>hay dos tipos de p\u00fablico en Olavarr\u00eda. Uno que es un poco m\u00e1s espec\u00edfico, el que siempre est\u00e1, el que va a cualquier lugar. Y despu\u00e9s hay un p\u00fablico que va a estos eventos un poco m\u00e1s masivos\u201d.<\/em><\/p>\n<p>&nbsp;<\/p>\n<blockquote><p>\u201cOlavarr\u00eda es una ciudad que tiene un perfil jazzero porque hay muchos m\u00fasicos que tocan eso y porque esto que nosotros arrancamos, es tambi\u00e9n un poco la continuaci\u00f3n de otros festivales que ha habido antes\u201d.<\/p><\/blockquote>\n<p>&nbsp;<\/p>\n<p><em>\u201cHay gente que va al festival, que espera el festival para ir a escuchar esa m\u00fasica. Es un fen\u00f3meno muy interesante que se da en otros lados tambi\u00e9n, el p\u00fablico del festival es un p\u00fablico muy particular tambi\u00e9n\u201d<\/em>, indic\u00f3.<\/p>\n<p>&nbsp;<\/p>\n<p><img data-recalc-dims=\"1\" loading=\"lazy\" decoding=\"async\" class=\"alignnone size-full wp-image-26565\" src=\"https:\/\/i0.wp.com\/cdnoticias.com\/wp-content\/uploads\/2021\/07\/WhatsApp-Image-2021-07-12-at-19.08.48.jpeg?resize=800%2C800&#038;ssl=1\" alt=\"\" width=\"800\" height=\"800\" srcset=\"https:\/\/i0.wp.com\/cdnoticias.com\/wp-content\/uploads\/2021\/07\/WhatsApp-Image-2021-07-12-at-19.08.48.jpeg?w=1200&amp;ssl=1 1200w, https:\/\/i0.wp.com\/cdnoticias.com\/wp-content\/uploads\/2021\/07\/WhatsApp-Image-2021-07-12-at-19.08.48.jpeg?resize=150%2C150&amp;ssl=1 150w, https:\/\/i0.wp.com\/cdnoticias.com\/wp-content\/uploads\/2021\/07\/WhatsApp-Image-2021-07-12-at-19.08.48.jpeg?resize=300%2C300&amp;ssl=1 300w, https:\/\/i0.wp.com\/cdnoticias.com\/wp-content\/uploads\/2021\/07\/WhatsApp-Image-2021-07-12-at-19.08.48.jpeg?resize=768%2C768&amp;ssl=1 768w, https:\/\/i0.wp.com\/cdnoticias.com\/wp-content\/uploads\/2021\/07\/WhatsApp-Image-2021-07-12-at-19.08.48.jpeg?resize=1024%2C1024&amp;ssl=1 1024w\" sizes=\"auto, (max-width: 800px) 100vw, 800px\" \/><\/p>\n<p>&nbsp;<\/p>\n<p><b>Cambios en la tercera edici\u00f3n<\/b><\/p>\n<p>&nbsp;<\/p>\n<p>Las ediciones anteriores del Festival se realizaron en la Casa del Bicentenario. Esta vez, dadas las condiciones sanitarias, <strong>el lugar elegido fue el Teatro Municipal<\/strong> ya que permite -respetando el aforo- una ocupaci\u00f3n de 300 personas.<\/p>\n<p>&nbsp;<\/p>\n<p><em>\u201cLes recomendamos que est\u00e9n un rato antes porque hay que tomar la temperatura, ubicarlos en el lugar y dem\u00e1s\u201d<\/em>, advirti\u00f3 Ignacio.<\/p>\n<p>&nbsp;<\/p>\n<p><strong>Todos los conciertos ser\u00e1n a las 19:00<\/strong> e iniciar\u00e1n el viernes con Ingrid F\u00e9niger en Saxo e Ignacio Montoya Carlotto en piano, quienes revisar\u00e1n algunas piezas del g\u00e9nero en formato d\u00fao. Esta presentaci\u00f3n ser\u00e1 en el hall del Teatro y contar\u00e1 con una<strong> capacidad de tan solo 20 espectadores.<\/strong><\/p>\n<p>&nbsp;<\/p>\n<p>Los <strong>d\u00edas s\u00e1bado 17 y domingo 18\u00a0<\/strong>los conciertos tendr\u00e1n dos grupos por noche, con un artista local y un artista nacional cada noche.<\/p>\n<p>&nbsp;<\/p>\n<p>En la grilla del <strong>s\u00e1bado 16<\/strong> \u201cIn\u00e9s Maddio Grupo\u201d ser\u00e1 quien abra la jornada y le seguir\u00e1 \u201cMorroTronik\u201d, de la ciudad de Buenos Aires. Lo propio suceder\u00e1 el domingo 18 con \u201cHaiku\u201d integrado por m\u00fasicos en su mayor\u00eda de la ciudad y cerrar\u00e1 el festival con \u201cJuana Sallies Grupo\u201d de la la ciudad de Buenos Aires.<\/p>\n<p>&nbsp;<\/p>\n<p>Estos conciertos se desarrollar\u00e1n con un<strong> aforo limitado<\/strong> pero dada la capacidad de la sala contar\u00e1 el evento de la posibilidad de albergar hasta 300 espectadores cada noche.<\/p>\n<p>&nbsp;<\/p>\n","protected":false},"excerpt":{"rendered":"<p>El m\u00fasico habl\u00f3 con Central de Noticias sobre el tercer Festival de Jazz de Olavarr\u00eda que se llevar\u00e1 a cabo<\/p>\n","protected":false},"author":5,"featured_media":4904,"comment_status":"closed","ping_status":"closed","sticky":false,"template":"","format":"standard","meta":{"_jetpack_memberships_contains_paid_content":false,"footnotes":""},"categories":[9,1],"tags":[],"class_list":["post-26564","post","type-post","status-publish","format-standard","has-post-thumbnail","hentry","category-cultura","category-portada"],"jetpack_featured_media_url":"https:\/\/i0.wp.com\/cdnoticias.com\/wp-content\/uploads\/2020\/10\/Festival-Jazz-Olavarr%C3%ADa-2-1024x678.jpg?fit=1024%2C678&ssl=1","jetpack_sharing_enabled":true,"_links":{"self":[{"href":"https:\/\/cdnoticias.com\/index.php\/wp-json\/wp\/v2\/posts\/26564","targetHints":{"allow":["GET"]}}],"collection":[{"href":"https:\/\/cdnoticias.com\/index.php\/wp-json\/wp\/v2\/posts"}],"about":[{"href":"https:\/\/cdnoticias.com\/index.php\/wp-json\/wp\/v2\/types\/post"}],"author":[{"embeddable":true,"href":"https:\/\/cdnoticias.com\/index.php\/wp-json\/wp\/v2\/users\/5"}],"replies":[{"embeddable":true,"href":"https:\/\/cdnoticias.com\/index.php\/wp-json\/wp\/v2\/comments?post=26564"}],"version-history":[{"count":0,"href":"https:\/\/cdnoticias.com\/index.php\/wp-json\/wp\/v2\/posts\/26564\/revisions"}],"wp:featuredmedia":[{"embeddable":true,"href":"https:\/\/cdnoticias.com\/index.php\/wp-json\/wp\/v2\/media\/4904"}],"wp:attachment":[{"href":"https:\/\/cdnoticias.com\/index.php\/wp-json\/wp\/v2\/media?parent=26564"}],"wp:term":[{"taxonomy":"category","embeddable":true,"href":"https:\/\/cdnoticias.com\/index.php\/wp-json\/wp\/v2\/categories?post=26564"},{"taxonomy":"post_tag","embeddable":true,"href":"https:\/\/cdnoticias.com\/index.php\/wp-json\/wp\/v2\/tags?post=26564"}],"curies":[{"name":"wp","href":"https:\/\/api.w.org\/{rel}","templated":true}]}}