{"id":26540,"date":"2021-07-13T19:32:31","date_gmt":"2021-07-13T22:32:31","guid":{"rendered":"http:\/\/www.centraldenoticias.com.ar\/?p=26540"},"modified":"2021-07-13T19:32:31","modified_gmt":"2021-07-13T22:32:31","slug":"osvaldo-alfonso-petersen-loisloco-q-e-p-d","status":"publish","type":"post","link":"https:\/\/cdnoticias.com\/index.php\/2021\/07\/13\/osvaldo-alfonso-petersen-loisloco-q-e-p-d\/","title":{"rendered":"Osvaldo Alfonso Petersen &#8220;Lois&#8221;&#8221;Loco&#8221; (Q.E.P.D.)"},"content":{"rendered":"<p>Falleci\u00f3 en Olavarr\u00eda el d\u00eda 13 de Julio de 2021 a los 77 a\u00f1os de edad. Su esposa Susana Haydee G\u00fcnther, sus hijos Mele y Carlos Petersen, sus hijos pol\u00edticos Daniel Masson y Mariela Trejo, sus nietos Melina y Julia Masson; Mart\u00edn y Valent\u00edn \u00a0Petersen, su hijo del coraz\u00f3n Dar\u00edo Rossi, su hermana: Nilda, sus hermanos pol\u00edticos Teresa Wagner, Salvador Fuotti, Jos\u00e9 G\u00fcnther, Eva Molinari, Tito Palmieri, Perla G\u00fcnther y Raquel G\u00fcnther, sus primos: Delia Petersen, Nora y Beto Victoria, sus sobrinos, amigos y dem\u00e1s deudos participan su fallecimiento.<\/p>\n<p>&nbsp;<\/p>\n<p>Sus restos ser\u00e1n velados este mi\u00e9rcoles desde las 10 en la Sala &#8220;A&#8221; de Sierras Bayas, M. Smirnoff 2663 y ser\u00e1n inhumados desde las 12 en el Cementerio de Colonia San Miguel. Servicio adherido a Coopelectric.<\/p>\n<p>&nbsp;<\/p>\n<p>Nacido en Hinojo, vecino de la secci\u00f3n Chacras de Colonia San Miguel. Productor Rural.<\/p>\n<p><strong>\u00a0<\/strong><\/p>\n<p><strong>\u00a0<\/strong><\/p>\n<p><strong>\u00a0<\/strong><\/p>\n","protected":false},"excerpt":{"rendered":"<p>Falleci\u00f3 en Olavarr\u00eda el d\u00eda 13 de Julio de 2021 a los 77 a\u00f1os de edad. Su esposa Susana Haydee<\/p>\n","protected":false},"author":3,"featured_media":0,"comment_status":"closed","ping_status":"closed","sticky":false,"template":"","format":"standard","meta":{"_jetpack_memberships_contains_paid_content":false,"footnotes":""},"categories":[10],"tags":[],"class_list":["post-26540","post","type-post","status-publish","format-standard","hentry","category-necrologicas"],"jetpack_featured_media_url":"","jetpack_sharing_enabled":true,"_links":{"self":[{"href":"https:\/\/cdnoticias.com\/index.php\/wp-json\/wp\/v2\/posts\/26540","targetHints":{"allow":["GET"]}}],"collection":[{"href":"https:\/\/cdnoticias.com\/index.php\/wp-json\/wp\/v2\/posts"}],"about":[{"href":"https:\/\/cdnoticias.com\/index.php\/wp-json\/wp\/v2\/types\/post"}],"author":[{"embeddable":true,"href":"https:\/\/cdnoticias.com\/index.php\/wp-json\/wp\/v2\/users\/3"}],"replies":[{"embeddable":true,"href":"https:\/\/cdnoticias.com\/index.php\/wp-json\/wp\/v2\/comments?post=26540"}],"version-history":[{"count":0,"href":"https:\/\/cdnoticias.com\/index.php\/wp-json\/wp\/v2\/posts\/26540\/revisions"}],"wp:attachment":[{"href":"https:\/\/cdnoticias.com\/index.php\/wp-json\/wp\/v2\/media?parent=26540"}],"wp:term":[{"taxonomy":"category","embeddable":true,"href":"https:\/\/cdnoticias.com\/index.php\/wp-json\/wp\/v2\/categories?post=26540"},{"taxonomy":"post_tag","embeddable":true,"href":"https:\/\/cdnoticias.com\/index.php\/wp-json\/wp\/v2\/tags?post=26540"}],"curies":[{"name":"wp","href":"https:\/\/api.w.org\/{rel}","templated":true}]}}