{"id":2654,"date":"2020-09-28T11:01:38","date_gmt":"2020-09-28T14:01:38","guid":{"rendered":"http:\/\/www.centraldenoticias.com.ar\/?p=2654"},"modified":"2020-09-28T11:57:12","modified_gmt":"2020-09-28T14:57:12","slug":"oficial-olavarria-continuara-en-fase-4","status":"publish","type":"post","link":"https:\/\/cdnoticias.com\/index.php\/2020\/09\/28\/oficial-olavarria-continuara-en-fase-4\/","title":{"rendered":"Oficial: Olavarr\u00eda continuar\u00e1 en Fase 4"},"content":{"rendered":"<p>Tras la expectativa en la conferencia de prensa provincial, el Jefe de Gabinete Carlos Bianco confirm\u00f3 que nuestra ciudad continuar\u00e1 tal como est\u00e1. Pinamar baj\u00f3 a Fase 3 por un fuerte brote de casos, y Coronel Su\u00e1rez baj\u00f3 de Fase 5 a Fase 4.<!--more--><\/p>\n<hr \/>\n<p>Tras una gran expectativa acerca del futuro de nuestra ciudad con respecto al sistema de fases provincial,<strong> el Jefe de Gabinete Carlos Bianco ratific\u00f3 que, al menos en nuestro distrito, todo seguir\u00e1 igual una semana m\u00e1s.<\/strong><\/p>\n<p>&nbsp;<\/p>\n<p>Luego de las exposiciones sobre la situaci\u00f3n del territorio bonaerense de la Subsecretaria de Gesti\u00f3n de la Informaci\u00f3n, Educaci\u00f3n Permanente y fiscalizaci\u00f3n, Leticia Ceriani y el viceministro de Salud, Nicol\u00e1s Kreplak, <strong>Bianco se enfatiz\u00f3 en el sistema de fases<\/strong>.<\/p>\n<p>&nbsp;<\/p>\n<p><img data-recalc-dims=\"1\" loading=\"lazy\" decoding=\"async\" class=\"alignnone size-full wp-image-2651\" src=\"https:\/\/i0.wp.com\/cdnoticias.com\/wp-content\/uploads\/2020\/09\/fase.jpg?resize=767%2C405&#038;ssl=1\" alt=\"\" width=\"767\" height=\"405\" srcset=\"https:\/\/i0.wp.com\/cdnoticias.com\/wp-content\/uploads\/2020\/09\/fase.jpg?w=767&amp;ssl=1 767w, https:\/\/i0.wp.com\/cdnoticias.com\/wp-content\/uploads\/2020\/09\/fase.jpg?resize=300%2C158&amp;ssl=1 300w, https:\/\/i0.wp.com\/cdnoticias.com\/wp-content\/uploads\/2020\/09\/fase.jpg?resize=390%2C205&amp;ssl=1 390w\" sizes=\"auto, (max-width: 767px) 100vw, 767px\" \/><\/p>\n<p>&nbsp;<\/p>\n<p>Lo catalog\u00f3 como \u201c\u00fanico sistema de fases vigente\u201d, y se\u00f1al\u00f3 que <strong>los cambios m\u00e1s importantes fueron los de Pinamar (que baj\u00f3 a Fase 3 por un fuerte brote de casos positivos) y la baja de Coronel Su\u00e1rez a Fase 4, lugar donde tambi\u00e9n hubo incrementos de casos.<\/strong><\/p>\n<p>&nbsp;<\/p>\n<p>P<strong>ara Olavarr\u00eda todo continuar\u00e1 tal como est\u00e1: Fase 4 con apertura de gimnasios y espacios culturales.<\/strong> Un dato a tener en cuenta es que Bianco solicitar\u00e1 a la Naci\u00f3n que los espacios culturales, los estudios de grabaci\u00f3n y tambi\u00e9n la grabaci\u00f3n de series, documentales y\/o pel\u00edculas se permitan en Fase 4.<\/p>\n<p>&nbsp;<\/p>\n<p><img data-recalc-dims=\"1\" loading=\"lazy\" decoding=\"async\" class=\"alignnone size-full wp-image-2652\" src=\"https:\/\/i0.wp.com\/cdnoticias.com\/wp-content\/uploads\/2020\/09\/fase1.jpg?resize=793%2C455&#038;ssl=1\" alt=\"\" width=\"793\" height=\"455\" srcset=\"https:\/\/i0.wp.com\/cdnoticias.com\/wp-content\/uploads\/2020\/09\/fase1.jpg?w=793&amp;ssl=1 793w, https:\/\/i0.wp.com\/cdnoticias.com\/wp-content\/uploads\/2020\/09\/fase1.jpg?resize=300%2C172&amp;ssl=1 300w, https:\/\/i0.wp.com\/cdnoticias.com\/wp-content\/uploads\/2020\/09\/fase1.jpg?resize=768%2C441&amp;ssl=1 768w\" sizes=\"auto, (max-width: 793px) 100vw, 793px\" \/><\/p>\n","protected":false},"excerpt":{"rendered":"<p>Tras la expectativa en la conferencia de prensa provincial, el Jefe de Gabinete Carlos Bianco confirm\u00f3 que nuestra ciudad continuar\u00e1<\/p>\n","protected":false},"author":2,"featured_media":2650,"comment_status":"closed","ping_status":"closed","sticky":false,"template":"","format":"standard","meta":{"_jetpack_memberships_contains_paid_content":false,"footnotes":""},"categories":[5,1],"tags":[],"class_list":["post-2654","post","type-post","status-publish","format-standard","has-post-thumbnail","hentry","category-informacion-general","category-portada"],"jetpack_featured_media_url":"https:\/\/i0.wp.com\/cdnoticias.com\/wp-content\/uploads\/2020\/09\/Conferencia-Provincia.jpg?fit=1329%2C751&ssl=1","jetpack_sharing_enabled":true,"_links":{"self":[{"href":"https:\/\/cdnoticias.com\/index.php\/wp-json\/wp\/v2\/posts\/2654","targetHints":{"allow":["GET"]}}],"collection":[{"href":"https:\/\/cdnoticias.com\/index.php\/wp-json\/wp\/v2\/posts"}],"about":[{"href":"https:\/\/cdnoticias.com\/index.php\/wp-json\/wp\/v2\/types\/post"}],"author":[{"embeddable":true,"href":"https:\/\/cdnoticias.com\/index.php\/wp-json\/wp\/v2\/users\/2"}],"replies":[{"embeddable":true,"href":"https:\/\/cdnoticias.com\/index.php\/wp-json\/wp\/v2\/comments?post=2654"}],"version-history":[{"count":0,"href":"https:\/\/cdnoticias.com\/index.php\/wp-json\/wp\/v2\/posts\/2654\/revisions"}],"wp:featuredmedia":[{"embeddable":true,"href":"https:\/\/cdnoticias.com\/index.php\/wp-json\/wp\/v2\/media\/2650"}],"wp:attachment":[{"href":"https:\/\/cdnoticias.com\/index.php\/wp-json\/wp\/v2\/media?parent=2654"}],"wp:term":[{"taxonomy":"category","embeddable":true,"href":"https:\/\/cdnoticias.com\/index.php\/wp-json\/wp\/v2\/categories?post=2654"},{"taxonomy":"post_tag","embeddable":true,"href":"https:\/\/cdnoticias.com\/index.php\/wp-json\/wp\/v2\/tags?post=2654"}],"curies":[{"name":"wp","href":"https:\/\/api.w.org\/{rel}","templated":true}]}}