{"id":26532,"date":"2021-07-13T19:46:06","date_gmt":"2021-07-13T22:46:06","guid":{"rendered":"http:\/\/www.centraldenoticias.com.ar\/?p=26532"},"modified":"2021-07-13T19:46:06","modified_gmt":"2021-07-13T22:46:06","slug":"un-corte-de-electricidad-afectara-a-un-sector-de-la-ciudad","status":"publish","type":"post","link":"https:\/\/cdnoticias.com\/index.php\/2021\/07\/13\/un-corte-de-electricidad-afectara-a-un-sector-de-la-ciudad\/","title":{"rendered":"Un corte de electricidad afectar\u00e1 a un sector de la ciudad"},"content":{"rendered":"<p>Se debe a tareas de mantenimiento desde Coopelectric y ser\u00e1 durante el inicio de la ma\u00f1ana de este mi\u00e9rcoles.<!--more--><\/p>\n<hr \/>\n<p>Desde Coopelectric se detall\u00f3 que en la ma\u00f1ana de este mi\u00e9rcoles se llevar\u00e1 adelante <strong>una interrupci\u00f3n en el servicio el\u00e9ctrico que afectar\u00e1 a un sector de la ciudad, todo debido a tareas de mantenimiento programadas.<\/strong><\/p>\n<p>&nbsp;<\/p>\n<p>De acuerdo con lo que se precis\u00f3, ser\u00e1 <strong>desde las 8 a las 10.30 y comprender\u00e1 de la zona delimitada por las calles Jos\u00e9 Luis Torres, Entre R\u00edos, Las Margaritas y avenida De los Trabajadores.<\/strong><\/p>\n<p>&nbsp;<\/p>\n<p><em>Foto Archivo<\/em><\/p>\n","protected":false},"excerpt":{"rendered":"<p>Se debe a tareas de mantenimiento desde Coopelectric y ser\u00e1 durante el inicio de la ma\u00f1ana de este mi\u00e9rcoles.<\/p>\n","protected":false},"author":3,"featured_media":6842,"comment_status":"closed","ping_status":"closed","sticky":false,"template":"","format":"standard","meta":{"_jetpack_memberships_contains_paid_content":false,"footnotes":""},"categories":[5,1],"tags":[],"class_list":["post-26532","post","type-post","status-publish","format-standard","has-post-thumbnail","hentry","category-informacion-general","category-portada"],"jetpack_featured_media_url":"https:\/\/i0.wp.com\/cdnoticias.com\/wp-content\/uploads\/2020\/11\/02-Tareas-Alimentador-N%C2%B0-1.jpg?fit=1024%2C768&ssl=1","jetpack_sharing_enabled":true,"_links":{"self":[{"href":"https:\/\/cdnoticias.com\/index.php\/wp-json\/wp\/v2\/posts\/26532","targetHints":{"allow":["GET"]}}],"collection":[{"href":"https:\/\/cdnoticias.com\/index.php\/wp-json\/wp\/v2\/posts"}],"about":[{"href":"https:\/\/cdnoticias.com\/index.php\/wp-json\/wp\/v2\/types\/post"}],"author":[{"embeddable":true,"href":"https:\/\/cdnoticias.com\/index.php\/wp-json\/wp\/v2\/users\/3"}],"replies":[{"embeddable":true,"href":"https:\/\/cdnoticias.com\/index.php\/wp-json\/wp\/v2\/comments?post=26532"}],"version-history":[{"count":0,"href":"https:\/\/cdnoticias.com\/index.php\/wp-json\/wp\/v2\/posts\/26532\/revisions"}],"wp:featuredmedia":[{"embeddable":true,"href":"https:\/\/cdnoticias.com\/index.php\/wp-json\/wp\/v2\/media\/6842"}],"wp:attachment":[{"href":"https:\/\/cdnoticias.com\/index.php\/wp-json\/wp\/v2\/media?parent=26532"}],"wp:term":[{"taxonomy":"category","embeddable":true,"href":"https:\/\/cdnoticias.com\/index.php\/wp-json\/wp\/v2\/categories?post=26532"},{"taxonomy":"post_tag","embeddable":true,"href":"https:\/\/cdnoticias.com\/index.php\/wp-json\/wp\/v2\/tags?post=26532"}],"curies":[{"name":"wp","href":"https:\/\/api.w.org\/{rel}","templated":true}]}}