{"id":26523,"date":"2021-07-13T17:46:00","date_gmt":"2021-07-13T20:46:00","guid":{"rendered":"http:\/\/www.centraldenoticias.com.ar\/?p=26523"},"modified":"2021-07-13T17:46:00","modified_gmt":"2021-07-13T20:46:00","slug":"otro-violento-choque-en-la-ciudad","status":"publish","type":"post","link":"https:\/\/cdnoticias.com\/index.php\/2021\/07\/13\/otro-violento-choque-en-la-ciudad\/","title":{"rendered":"Otro violento choque en la ciudad"},"content":{"rendered":"<p>Esta vez sucedi\u00f3 en el microcentro y, afortunadamente, s\u00f3lo dej\u00f3 como saldo da\u00f1os materiales.<!--more--><\/p>\n<hr \/>\n<p>Minutos despu\u00e9s de las 17 el microcentro local fue sede de <a href=\"https:\/\/cdnoticias.com\/index.php\/2021\/07\/13\/violento-choque-entre-un-camioneta-y-una-moto\/\" target=\"_blank\" rel=\"noopener\">otro siniestro vial que tuvo como protagonista a un ciclomotor<\/a>, que <strong>en este caso colision\u00f3 contra un veh\u00edculo.<\/strong><\/p>\n<p>&nbsp;<\/p>\n<p><strong>Todo sucedi\u00f3 sobre el cruce de V\u00e9lez Sarsfield y 9 de Julio<\/strong>, donde en condiciones que son materia de estudio chocaron un Ford Ka y una moto de baja cilindrada.<\/p>\n<p>&nbsp;<\/p>\n<p><img data-recalc-dims=\"1\" loading=\"lazy\" decoding=\"async\" class=\"alignnone size-full wp-image-26525\" src=\"https:\/\/i0.wp.com\/cdnoticias.com\/wp-content\/uploads\/2021\/07\/choquee.jpg?resize=800%2C443&#038;ssl=1\" alt=\"\" width=\"800\" height=\"443\" srcset=\"https:\/\/i0.wp.com\/cdnoticias.com\/wp-content\/uploads\/2021\/07\/choquee.jpg?w=800&amp;ssl=1 800w, https:\/\/i0.wp.com\/cdnoticias.com\/wp-content\/uploads\/2021\/07\/choquee.jpg?resize=300%2C166&amp;ssl=1 300w, https:\/\/i0.wp.com\/cdnoticias.com\/wp-content\/uploads\/2021\/07\/choquee.jpg?resize=768%2C425&amp;ssl=1 768w\" sizes=\"auto, (max-width: 800px) 100vw, 800px\" \/><\/p>\n<p>&nbsp;<\/p>\n<p><strong>La consulta con fuentes oficiales permiti\u00f3 conocer que no habr\u00eda sido necesario el arribo de profesionales de la salud al lugar<\/strong>. No obstante, concurrieron agentes del Comando de Patrullas para asistir a los implicados y reorganizar la circulaci\u00f3n por el sector.<\/p>\n<p>&nbsp;<\/p>\n<p>Lo que s\u00ed pudieron apreciarse es<strong> importantes da\u00f1os en los rodados implicados.\u00a0<\/strong><\/p>\n","protected":false},"excerpt":{"rendered":"<p>Esta vez sucedi\u00f3 en el microcentro y, afortunadamente, s\u00f3lo dej\u00f3 como saldo da\u00f1os materiales.<\/p>\n","protected":false},"author":3,"featured_media":26524,"comment_status":"closed","ping_status":"closed","sticky":false,"template":"","format":"standard","meta":{"_jetpack_memberships_contains_paid_content":false,"footnotes":""},"categories":[14,1],"tags":[],"class_list":["post-26523","post","type-post","status-publish","format-standard","has-post-thumbnail","hentry","category-policiales","category-portada"],"jetpack_featured_media_url":"https:\/\/i0.wp.com\/cdnoticias.com\/wp-content\/uploads\/2021\/07\/choquee01.jpg?fit=800%2C443&ssl=1","jetpack_sharing_enabled":true,"_links":{"self":[{"href":"https:\/\/cdnoticias.com\/index.php\/wp-json\/wp\/v2\/posts\/26523","targetHints":{"allow":["GET"]}}],"collection":[{"href":"https:\/\/cdnoticias.com\/index.php\/wp-json\/wp\/v2\/posts"}],"about":[{"href":"https:\/\/cdnoticias.com\/index.php\/wp-json\/wp\/v2\/types\/post"}],"author":[{"embeddable":true,"href":"https:\/\/cdnoticias.com\/index.php\/wp-json\/wp\/v2\/users\/3"}],"replies":[{"embeddable":true,"href":"https:\/\/cdnoticias.com\/index.php\/wp-json\/wp\/v2\/comments?post=26523"}],"version-history":[{"count":0,"href":"https:\/\/cdnoticias.com\/index.php\/wp-json\/wp\/v2\/posts\/26523\/revisions"}],"wp:featuredmedia":[{"embeddable":true,"href":"https:\/\/cdnoticias.com\/index.php\/wp-json\/wp\/v2\/media\/26524"}],"wp:attachment":[{"href":"https:\/\/cdnoticias.com\/index.php\/wp-json\/wp\/v2\/media?parent=26523"}],"wp:term":[{"taxonomy":"category","embeddable":true,"href":"https:\/\/cdnoticias.com\/index.php\/wp-json\/wp\/v2\/categories?post=26523"},{"taxonomy":"post_tag","embeddable":true,"href":"https:\/\/cdnoticias.com\/index.php\/wp-json\/wp\/v2\/tags?post=26523"}],"curies":[{"name":"wp","href":"https:\/\/api.w.org\/{rel}","templated":true}]}}