{"id":26503,"date":"2021-07-13T14:39:13","date_gmt":"2021-07-13T19:29:24","guid":{"rendered":"http:\/\/www.centraldenoticias.com.ar\/?p=26503"},"modified":"2025-01-27T20:57:40","modified_gmt":"2025-01-27T23:57:40","slug":"olavarria-saavedra-el-dakar-pobre-tuvo-excursion","status":"publish","type":"post","link":"https:\/\/cdnoticias.com\/index.php\/2021\/07\/13\/olavarria-saavedra-el-dakar-pobre-tuvo-excursion\/","title":{"rendered":"Olavarr\u00eda-Saavedra: el \u201cDakar pobre\u201d tuvo excursi\u00f3n"},"content":{"rendered":"<p>M\u00e1s de una veintena de aventureros completaron una nueva edici\u00f3n del \u201cDakar pobre\u201d el pasado fin de semana uniendo desde Olavarr\u00eda hasta Saavedra utilizando s\u00f3lo caminos rurales.<\/p>\n<p><!--more--><\/p>\n<hr \/>\n<p>Motos, buggies y autos cl\u00e1sicos se re\u00fanen con frecuencia para disfrutar de su pasi\u00f3n y el pasado fin de semana unieron Olavarr\u00eda con Saavedra para reafirmar ese sentido de pertenencia a un grupo que se moviliza al ritmo de los motores y que surgi\u00f3 hace ya varios a\u00f1os.<\/p>\n<p>&nbsp;<\/p>\n<p><em><strong>\u201cLa idea es pasar un lindo momento y disfrutar de esta pasi\u00f3n, somos un grupo de amigos\u201d<\/strong><\/em>, sintetizaron los olavarrienses a InfoGL que agregaron que el \u201cDakar pobre\u201d no tiene fines lucrativos y que utilizan, en cada viaje, los caminos de tierra para llegar hasta el destino definitivo.<\/p>\n<p>&nbsp;<\/p>\n<p>[soliloquy id=&#8221;2115&#8243;]<\/p>\n<p>&nbsp;<\/p>\n<p>El evento que cont\u00f3 con una veintena de apasionados, tambi\u00e9n se sumaron desde Bol\u00edvar, naci\u00f3 <em><strong>\u201chace 4 a\u00f1os cuando fuimos a buscar un buggie hasta Marisol y fuimos por tierra. Arrancamos siendo 9, pero el grupo creci\u00f3 de boca en boca\u201d<\/strong><\/em>.<\/p>\n<p>&nbsp;<\/p>\n<p><em><strong>\u201cSiempre hacemos un viaje grande y despu\u00e9s, en el a\u00f1o, hacemos algunos m\u00e1s cortos. Ahora somos 28 pero hemos sido m\u00e1s de 80 en una anterior caravana\u201d<\/strong><\/em>, sentenciaron en su paso por La Madrid antes de continuar con su camino al destino final.<\/p>\n<p>&nbsp;<\/p>\n<p><strong>Fuente y Fotos:<\/strong> InfoGL<\/p>\n","protected":false},"excerpt":{"rendered":"<p>M\u00e1s de una veintena de aventureros completaron una nueva edici\u00f3n del \u201cDakar pobre\u201d el pasado fin de semana uniendo desde<\/p>\n","protected":false},"author":96739694,"featured_media":142649,"comment_status":"closed","ping_status":"closed","sticky":false,"template":"","format":"standard","meta":{"_jetpack_memberships_contains_paid_content":false,"footnotes":""},"categories":[34,1],"tags":[],"class_list":["post-26503","post","type-post","status-publish","format-standard","has-post-thumbnail","hentry","category-automovilismo","category-portada"],"jetpack_featured_media_url":"https:\/\/i0.wp.com\/cdnoticias.com\/wp-content\/uploads\/2021\/07\/portada.png?fit=800%2C445&ssl=1","jetpack_sharing_enabled":true,"_links":{"self":[{"href":"https:\/\/cdnoticias.com\/index.php\/wp-json\/wp\/v2\/posts\/26503","targetHints":{"allow":["GET"]}}],"collection":[{"href":"https:\/\/cdnoticias.com\/index.php\/wp-json\/wp\/v2\/posts"}],"about":[{"href":"https:\/\/cdnoticias.com\/index.php\/wp-json\/wp\/v2\/types\/post"}],"author":[{"embeddable":true,"href":"https:\/\/cdnoticias.com\/index.php\/wp-json\/wp\/v2\/users\/96739694"}],"replies":[{"embeddable":true,"href":"https:\/\/cdnoticias.com\/index.php\/wp-json\/wp\/v2\/comments?post=26503"}],"version-history":[{"count":0,"href":"https:\/\/cdnoticias.com\/index.php\/wp-json\/wp\/v2\/posts\/26503\/revisions"}],"wp:featuredmedia":[{"embeddable":true,"href":"https:\/\/cdnoticias.com\/index.php\/wp-json\/wp\/v2\/media\/142649"}],"wp:attachment":[{"href":"https:\/\/cdnoticias.com\/index.php\/wp-json\/wp\/v2\/media?parent=26503"}],"wp:term":[{"taxonomy":"category","embeddable":true,"href":"https:\/\/cdnoticias.com\/index.php\/wp-json\/wp\/v2\/categories?post=26503"},{"taxonomy":"post_tag","embeddable":true,"href":"https:\/\/cdnoticias.com\/index.php\/wp-json\/wp\/v2\/tags?post=26503"}],"curies":[{"name":"wp","href":"https:\/\/api.w.org\/{rel}","templated":true}]}}