{"id":26500,"date":"2021-07-13T16:49:18","date_gmt":"2021-07-13T19:49:18","guid":{"rendered":"http:\/\/www.centraldenoticias.com.ar\/?p=26500"},"modified":"2021-07-13T16:49:18","modified_gmt":"2021-07-13T19:49:18","slug":"detuvieron-a-un-hombre-acusado-por-tentativa-de-homicidio","status":"publish","type":"post","link":"https:\/\/cdnoticias.com\/index.php\/2021\/07\/13\/detuvieron-a-un-hombre-acusado-por-tentativa-de-homicidio\/","title":{"rendered":"Detuvieron a un hombre acusado por \u201ctentativa de homicidio\u201d"},"content":{"rendered":"<p>Fue luego de que una jueza azule\u00f1a le revocara el beneficio de libertad condicional.<!--more--><\/p>\n<hr \/>\n<p><strong>En las \u00faltimas horas personal de la SubDDI local llev\u00f3 adelante la detenci\u00f3n de un olavarriense de 43 a\u00f1os<\/strong>, quien ahora deber\u00e1 cumplir en una sede carcelaria una condena que estaba cumpliendo con el beneficio de la libertad condicional.<\/p>\n<p>&nbsp;<\/p>\n<p>Si bien no se arrojaron mayores precisiones al respecto, esa<strong> morigeraci\u00f3n fue revocada desde el Juzgado de Ejecuci\u00f3n Penal N\u00b0 1 de Azul, m\u00e1s precisamente por la doctora Silvia Torres.<\/strong><\/p>\n<p>&nbsp;<\/p>\n<p>De acuerdo con lo que logr\u00f3 conocerse, la medida fue llevada a cabo por agentes de la SubDDI local, quienes realizaron un \u201cdespliegue operativo\u201d que permiti\u00f3 llevar adelante la detenci\u00f3n del olavarriense, quien<strong> se hallaba cumpliendo una pena de 5 a\u00f1os y 9 meses de prisi\u00f3n por un \u201chomicidio en grado de tentativa\u201d.<\/strong><\/p>\n<p>&nbsp;<\/p>\n<p><strong>Por v\u00edas oficiales se detall\u00f3 que se trata de Jacinto Cotti, de 43 a\u00f1os<\/strong>, quien ahora se encuentra a disposici\u00f3n de la magistrada azule\u00f1a.<\/p>\n","protected":false},"excerpt":{"rendered":"<p>Fue luego de que una jueza azule\u00f1a le revocara el beneficio de libertad condicional.<\/p>\n","protected":false},"author":3,"featured_media":26501,"comment_status":"closed","ping_status":"closed","sticky":false,"template":"","format":"standard","meta":{"_jetpack_memberships_contains_paid_content":false,"footnotes":""},"categories":[14,1],"tags":[],"class_list":["post-26500","post","type-post","status-publish","format-standard","has-post-thumbnail","hentry","category-policiales","category-portada"],"jetpack_featured_media_url":"https:\/\/i0.wp.com\/cdnoticias.com\/wp-content\/uploads\/2021\/07\/ddi.jpg?fit=800%2C445&ssl=1","jetpack_sharing_enabled":true,"_links":{"self":[{"href":"https:\/\/cdnoticias.com\/index.php\/wp-json\/wp\/v2\/posts\/26500","targetHints":{"allow":["GET"]}}],"collection":[{"href":"https:\/\/cdnoticias.com\/index.php\/wp-json\/wp\/v2\/posts"}],"about":[{"href":"https:\/\/cdnoticias.com\/index.php\/wp-json\/wp\/v2\/types\/post"}],"author":[{"embeddable":true,"href":"https:\/\/cdnoticias.com\/index.php\/wp-json\/wp\/v2\/users\/3"}],"replies":[{"embeddable":true,"href":"https:\/\/cdnoticias.com\/index.php\/wp-json\/wp\/v2\/comments?post=26500"}],"version-history":[{"count":0,"href":"https:\/\/cdnoticias.com\/index.php\/wp-json\/wp\/v2\/posts\/26500\/revisions"}],"wp:featuredmedia":[{"embeddable":true,"href":"https:\/\/cdnoticias.com\/index.php\/wp-json\/wp\/v2\/media\/26501"}],"wp:attachment":[{"href":"https:\/\/cdnoticias.com\/index.php\/wp-json\/wp\/v2\/media?parent=26500"}],"wp:term":[{"taxonomy":"category","embeddable":true,"href":"https:\/\/cdnoticias.com\/index.php\/wp-json\/wp\/v2\/categories?post=26500"},{"taxonomy":"post_tag","embeddable":true,"href":"https:\/\/cdnoticias.com\/index.php\/wp-json\/wp\/v2\/tags?post=26500"}],"curies":[{"name":"wp","href":"https:\/\/api.w.org\/{rel}","templated":true}]}}