{"id":26497,"date":"2021-07-14T13:42:33","date_gmt":"2021-07-14T16:42:33","guid":{"rendered":"http:\/\/www.centraldenoticias.com.ar\/?p=26497"},"modified":"2021-07-14T13:42:33","modified_gmt":"2021-07-14T16:42:33","slug":"capacitacion-de-animate-sobre-las-violencias-perspectiva-multidimensional","status":"publish","type":"post","link":"https:\/\/cdnoticias.com\/index.php\/2021\/07\/14\/capacitacion-de-animate-sobre-las-violencias-perspectiva-multidimensional\/","title":{"rendered":"Capacitaci\u00f3n de Animate sobre \u201cLas violencias, perspectiva multidimensional\u201d"},"content":{"rendered":"<p>Se pondr\u00e1 en marcha el pr\u00f3ximo 23 de julio mediante la plataforma Zoom. Se trata de una capacitaci\u00f3n certificada. <strong>Los detalles<\/strong>.<!--more--><\/p>\n<hr \/>\n<p>Desde Animate se coordin\u00f3 y gest\u00f3 una interesante capacitaci\u00f3n que comenzar\u00e1 en los pr\u00f3ximos d\u00edas y en la que <strong>ya se encuentra abierta la inscripci\u00f3n para todas aquellas personas interesadas en ser parte.<\/strong><\/p>\n<p>&nbsp;<\/p>\n<p><strong>\u201cLas Violencias, perspectiva multidimensional\u201d<\/strong> es el nombre de propuesta que tendr\u00e1 al licenciado en Psicolog\u00eda Jorge Garaventa y la abogada Natasha Targiano como disertantes. Precisamente, tal como el nombre y disertantes lo anticipa, \u201cla capacitaci\u00f3n consiste de <strong>dos m\u00f3dulos que se abocan uno al \u00e1rea psicol\u00f3gica y el otro al alcance judicial\u201d.<\/strong><\/p>\n<p>&nbsp;<\/p>\n<p>Sobre el programa de contenidos se precis\u00f3 que lo que se pretende es <strong>\u201cbrindar al p\u00fablico una visi\u00f3n multidisciplinaria acerca del concepto de Violencia, entendiendo el alcance que esta misma tiene hacia sectores no solo familiares, sino tambi\u00e9n escolares, sexuales e incluso laborales\u201d<\/strong>. \u201cDejar en evidencia las consecuencias que esta misma puede acarrear\u201d, se enfatiz\u00f3.<\/p>\n<p>&nbsp;<\/p>\n<blockquote><p>\u201cFomentar el debate desde una perspectiva psicol\u00f3gica, jur\u00eddica y cotidiana que permita generar un efecto multiplicador de profesionales capacitados para prevenir, detectar o actuar ante este fen\u00f3meno de violencia en cualquiera de sus ramas\u201d, se agreg\u00f3.<\/p><\/blockquote>\n<p>&nbsp;<\/p>\n<p>A la par, se detall\u00f3 que la capacitaci\u00f3n tambi\u00e9n tiene como objetivo \u201c<strong>orientar y acompa\u00f1ar a las familias que atraviesan situaciones cotidianas de violencia. Promover la capacidad de reconocimiento del ejercicio de la violencia, sea f\u00edsica, verbal, psicol\u00f3gica, econ\u00f3mica en cualquier \u00e1rea<\/strong>. Brindarnos como espacio para el acompa\u00f1amiento, asesoramiento que sea necesario. Favorecer el acceso a un acompa\u00f1amiento o asesoramiento de manera gratuita\u201d, a\u00f1adieron.<\/p>\n<p>&nbsp;<\/p>\n<p>Por \u00faltimo, se detall\u00f3 que tambi\u00e9n se avanzar\u00e1 en \u201cinternalizar las leyes de protecci\u00f3n de la mujer, ni\u00f1os y adolescentes, caracterizar el perfil del violento, describir las conductas de una persona vulnerada: mujer, ni\u00f1os y adolescentes; dar a conocer el v\u00ednculo entre violencia y abuso sexual infantil y describir para concientizar las conductas del ni\u00f1o vulnerado\u201d. Para concluir, adem\u00e1s de reiterar que <strong>se tratar\u00e1 de una capacitaci\u00f3n certificada, se detall\u00f3 que el arancel ser\u00e1 de 300 pesos y los interesados podr\u00e1n anotarse al 2284 571543.<\/strong><\/p>\n","protected":false},"excerpt":{"rendered":"<p>Se pondr\u00e1 en marcha el pr\u00f3ximo 23 de julio mediante la plataforma Zoom. Se trata de una capacitaci\u00f3n certificada. Los<\/p>\n","protected":false},"author":3,"featured_media":26498,"comment_status":"closed","ping_status":"closed","sticky":false,"template":"","format":"standard","meta":{"_jetpack_memberships_contains_paid_content":false,"footnotes":""},"categories":[5,1],"tags":[],"class_list":["post-26497","post","type-post","status-publish","format-standard","has-post-thumbnail","hentry","category-informacion-general","category-portada"],"jetpack_featured_media_url":"https:\/\/i0.wp.com\/cdnoticias.com\/wp-content\/uploads\/2021\/07\/animate.jpg?fit=800%2C445&ssl=1","jetpack_sharing_enabled":true,"_links":{"self":[{"href":"https:\/\/cdnoticias.com\/index.php\/wp-json\/wp\/v2\/posts\/26497","targetHints":{"allow":["GET"]}}],"collection":[{"href":"https:\/\/cdnoticias.com\/index.php\/wp-json\/wp\/v2\/posts"}],"about":[{"href":"https:\/\/cdnoticias.com\/index.php\/wp-json\/wp\/v2\/types\/post"}],"author":[{"embeddable":true,"href":"https:\/\/cdnoticias.com\/index.php\/wp-json\/wp\/v2\/users\/3"}],"replies":[{"embeddable":true,"href":"https:\/\/cdnoticias.com\/index.php\/wp-json\/wp\/v2\/comments?post=26497"}],"version-history":[{"count":0,"href":"https:\/\/cdnoticias.com\/index.php\/wp-json\/wp\/v2\/posts\/26497\/revisions"}],"wp:featuredmedia":[{"embeddable":true,"href":"https:\/\/cdnoticias.com\/index.php\/wp-json\/wp\/v2\/media\/26498"}],"wp:attachment":[{"href":"https:\/\/cdnoticias.com\/index.php\/wp-json\/wp\/v2\/media?parent=26497"}],"wp:term":[{"taxonomy":"category","embeddable":true,"href":"https:\/\/cdnoticias.com\/index.php\/wp-json\/wp\/v2\/categories?post=26497"},{"taxonomy":"post_tag","embeddable":true,"href":"https:\/\/cdnoticias.com\/index.php\/wp-json\/wp\/v2\/tags?post=26497"}],"curies":[{"name":"wp","href":"https:\/\/api.w.org\/{rel}","templated":true}]}}