{"id":26476,"date":"2021-07-13T13:09:52","date_gmt":"2021-07-13T16:09:52","guid":{"rendered":"http:\/\/www.centraldenoticias.com.ar\/?p=26476"},"modified":"2021-07-13T13:09:52","modified_gmt":"2021-07-13T16:09:52","slug":"controles-viales-en-la-ultima-semana-retuvieron-11-vehiculos","status":"publish","type":"post","link":"https:\/\/cdnoticias.com\/index.php\/2021\/07\/13\/controles-viales-en-la-ultima-semana-retuvieron-11-vehiculos\/","title":{"rendered":"Controles viales: en la \u00faltima semana retuvieron 11 veh\u00edculos"},"content":{"rendered":"<p>As\u00ed lo confirm\u00f3 la Subsecretar\u00eda de Seguridad. Labraron 60 actas de tr\u00e1nsito. Tambi\u00e9n detectaron una alcoholemia positiva de un conductor de una camioneta.\u00a0<!--more--><\/p>\n<hr \/>\n<p>Tal como sucede semana a semana, la <strong>Subsecretar\u00eda de Seguridad<\/strong> brind\u00f3 el informe semanal con los datos referidos a los operativos de control vehicular durante los \u00faltimos 7 d\u00edas. <strong>Se retuvieron 11 veh\u00edculos, se labraron 60 actas de tr\u00e1nsito y, adem\u00e1s de retener 2 licencias de conducir, se detect\u00f3 una alcoholemia positiva.<\/strong><\/p>\n<p>&nbsp;<\/p>\n<blockquote><p>Al detalle, adem\u00e1s de las 60 actas de tr\u00e1nsito se retuvieron 11 veh\u00edculos: 6 motos y 5 autom\u00f3viles y camionetas sumadas a 2 licencias de conducir, seg\u00fan lo informado por personal de Control Urbano, quien se encuentra al frente de los controles.<\/p><\/blockquote>\n<p>&nbsp;<\/p>\n<p>En lo que refiere a alcoholemia,<strong> se detect\u00f3 un caso de alcoholemia positiva, al comprobar que el conductor de una camioneta Ford F100 circulaba con un porcentaje de alcohol de 1,86 g\/l<\/strong>, cuando el l\u00edmite permitido es de 0,5 g\/l. El hecho se registr\u00f3 el pasado martes 6 de julio, a las 18:57 horas en calle Leal al 3300.<\/p>\n<p>&nbsp;<\/p>\n<p>El informe se completa con las actuaciones referidas al \u00e1mbito de las reuniones sociales y\/o familiares en espacios cerrados o domicilios particulares, que se encuentran prohibidas, de acuerdo a las disposiciones nacionales, provinciales y municipales, en el marco del contexto de emergencia sanitaria.<\/p>\n<p>&nbsp;<\/p>\n<p>Al respecto,<strong> agentes de Control Urbano de la Municipalidad procedieron a labrar 6 actas de infracci\u00f3n por reuniones sociales, que ser\u00e1n elevadas al Juzgado de Faltas,<\/strong> quien determinar\u00e1 el tipo de sanci\u00f3n correspondiente.<\/p>\n","protected":false},"excerpt":{"rendered":"<p>As\u00ed lo confirm\u00f3 la Subsecretar\u00eda de Seguridad. Labraron 60 actas de tr\u00e1nsito. Tambi\u00e9n detectaron una alcoholemia positiva de un conductor<\/p>\n","protected":false},"author":2,"featured_media":13287,"comment_status":"closed","ping_status":"closed","sticky":false,"template":"","format":"standard","meta":{"_jetpack_memberships_contains_paid_content":false,"footnotes":""},"categories":[5,1],"tags":[],"class_list":["post-26476","post","type-post","status-publish","format-standard","has-post-thumbnail","hentry","category-informacion-general","category-portada"],"jetpack_featured_media_url":"https:\/\/i0.wp.com\/cdnoticias.com\/wp-content\/uploads\/2021\/02\/controles01.jpg?fit=1012%2C587&ssl=1","jetpack_sharing_enabled":true,"_links":{"self":[{"href":"https:\/\/cdnoticias.com\/index.php\/wp-json\/wp\/v2\/posts\/26476","targetHints":{"allow":["GET"]}}],"collection":[{"href":"https:\/\/cdnoticias.com\/index.php\/wp-json\/wp\/v2\/posts"}],"about":[{"href":"https:\/\/cdnoticias.com\/index.php\/wp-json\/wp\/v2\/types\/post"}],"author":[{"embeddable":true,"href":"https:\/\/cdnoticias.com\/index.php\/wp-json\/wp\/v2\/users\/2"}],"replies":[{"embeddable":true,"href":"https:\/\/cdnoticias.com\/index.php\/wp-json\/wp\/v2\/comments?post=26476"}],"version-history":[{"count":0,"href":"https:\/\/cdnoticias.com\/index.php\/wp-json\/wp\/v2\/posts\/26476\/revisions"}],"wp:featuredmedia":[{"embeddable":true,"href":"https:\/\/cdnoticias.com\/index.php\/wp-json\/wp\/v2\/media\/13287"}],"wp:attachment":[{"href":"https:\/\/cdnoticias.com\/index.php\/wp-json\/wp\/v2\/media?parent=26476"}],"wp:term":[{"taxonomy":"category","embeddable":true,"href":"https:\/\/cdnoticias.com\/index.php\/wp-json\/wp\/v2\/categories?post=26476"},{"taxonomy":"post_tag","embeddable":true,"href":"https:\/\/cdnoticias.com\/index.php\/wp-json\/wp\/v2\/tags?post=26476"}],"curies":[{"name":"wp","href":"https:\/\/api.w.org\/{rel}","templated":true}]}}