{"id":26474,"date":"2021-07-13T13:03:06","date_gmt":"2021-07-13T16:03:06","guid":{"rendered":"http:\/\/www.centraldenoticias.com.ar\/?p=26474"},"modified":"2021-07-15T08:24:07","modified_gmt":"2021-07-15T11:24:07","slug":"paritaria-tras-una-asamblea-en-el-hospital-los-municipales-endurecen-las-medidas","status":"publish","type":"post","link":"https:\/\/cdnoticias.com\/index.php\/2021\/07\/13\/paritaria-tras-una-asamblea-en-el-hospital-los-municipales-endurecen-las-medidas\/","title":{"rendered":"Paritaria: tras una asamblea en el Hospital los municipales endurecen las medidas"},"content":{"rendered":"<p>Los trabajadores municipales se reunieron en el estacionamiento. Al quite de colaboraci\u00f3n sumar\u00e1n recorte de horas extra. Se detallaron la \u00faltima oferta del Municipio y la contrapropuesta del sindicato.<!--more--><\/p>\n<hr \/>\n<p><strong>Este martes se llev\u00f3 adelante la asamblea del Sindicato de Trabajadores Municipales en el predio del Hospital Municipal de Olavarr\u00eda<\/strong>. El encuentro tuvo lugar en el <a href=\"https:\/\/cdnoticias.com\/index.php\/2021\/07\/12\/reunion-abierta-del-sindicato-de-municipales-por-la-negociacion-paritaria\/\" target=\"_blank\" rel=\"noopener\">estacionamiento del centro de salud<\/a> en el marco de la negociaci\u00f3n paritaria y cont\u00f3 con importante asistencia de trabajadores.<\/p>\n<p>&nbsp;<\/p>\n<blockquote><p>La conducci\u00f3n del sindicato enfatiz\u00f3 las medidas de fuerza ya definidas y pidi\u00f3 a los trabajadores &#8220;ingenio&#8221; para &#8220;tomar medidas que molesten al Municipio&#8221;. Al quite de colaboraci\u00f3n que ya se aplica, se sumar\u00e1 el recorte de horas extra.<\/p><\/blockquote>\n<p>&nbsp;<\/p>\n<p><strong>Jos\u00e9 Stuppia<\/strong> abri\u00f3 la jornada con un discurso en el que repas\u00f3 los \u201c60 d\u00edas de negociaci\u00f3n\u201d, con propuestas y contrapropuestas, y resalt\u00f3 que tras el \u00faltimo encuentro de la semana pasada, <strong>el Municipio aument\u00f3 su oferta a 45% de suba salarial anual<\/strong>.<\/p>\n<p><img data-recalc-dims=\"1\" loading=\"lazy\" decoding=\"async\" class=\"size-large wp-image-26456 aligncenter\" src=\"https:\/\/i0.wp.com\/cdnoticias.com\/wp-content\/uploads\/2021\/07\/asamblea-municipales-01.jpg?resize=800%2C445&#038;ssl=1\" alt=\"\" width=\"800\" height=\"445\" srcset=\"https:\/\/i0.wp.com\/cdnoticias.com\/wp-content\/uploads\/2021\/07\/asamblea-municipales-01.jpg?resize=1024%2C569&amp;ssl=1 1024w, https:\/\/i0.wp.com\/cdnoticias.com\/wp-content\/uploads\/2021\/07\/asamblea-municipales-01.jpg?resize=300%2C167&amp;ssl=1 300w, https:\/\/i0.wp.com\/cdnoticias.com\/wp-content\/uploads\/2021\/07\/asamblea-municipales-01.jpg?resize=768%2C427&amp;ssl=1 768w, https:\/\/i0.wp.com\/cdnoticias.com\/wp-content\/uploads\/2021\/07\/asamblea-municipales-01.jpg?resize=800%2C445&amp;ssl=1 800w, https:\/\/i0.wp.com\/cdnoticias.com\/wp-content\/uploads\/2021\/07\/asamblea-municipales-01.jpg?w=1152&amp;ssl=1 1152w\" sizes=\"auto, (max-width: 800px) 100vw, 800px\" \/><\/p>\n<p><strong>El Sindicato mantiene su pedido de 48,5% anual<\/strong>, de que \u201cel aguinaldo vaya con un 35% de suba\u201d y de que<strong> la escalada de subas alcance diciembre con 41% de aumento salarial<\/strong>.<\/p>\n<p>&nbsp;<\/p>\n<blockquote><p>Justamente, el debate central entre las partes pasa actualmente por los plazos de los incrementos: \u201ctodav\u00eda para nosotros es una propuesta que no nos satisface\u201d subray\u00f3 el secretario general.<\/p><\/blockquote>\n<p>&nbsp;<\/p>\n<p>En ese marco <strong>dio a conocer en detalle la oferta del Municipio expresada en el \u00faltimo encuentro<\/strong>. La lectura estuvo a cargo del secretario gremial Hugo Scorolli.<\/p>\n<p><img data-recalc-dims=\"1\" loading=\"lazy\" decoding=\"async\" class=\"size-large wp-image-26457 aligncenter\" src=\"https:\/\/i0.wp.com\/cdnoticias.com\/wp-content\/uploads\/2021\/07\/asamblea-municipales-02.jpg?resize=800%2C445&#038;ssl=1\" alt=\"\" width=\"800\" height=\"445\" srcset=\"https:\/\/i0.wp.com\/cdnoticias.com\/wp-content\/uploads\/2021\/07\/asamblea-municipales-02.jpg?resize=1024%2C570&amp;ssl=1 1024w, https:\/\/i0.wp.com\/cdnoticias.com\/wp-content\/uploads\/2021\/07\/asamblea-municipales-02.jpg?resize=300%2C167&amp;ssl=1 300w, https:\/\/i0.wp.com\/cdnoticias.com\/wp-content\/uploads\/2021\/07\/asamblea-municipales-02.jpg?resize=768%2C427&amp;ssl=1 768w, https:\/\/i0.wp.com\/cdnoticias.com\/wp-content\/uploads\/2021\/07\/asamblea-municipales-02.jpg?resize=800%2C445&amp;ssl=1 800w, https:\/\/i0.wp.com\/cdnoticias.com\/wp-content\/uploads\/2021\/07\/asamblea-municipales-02.jpg?w=1152&amp;ssl=1 1152w\" sizes=\"auto, (max-width: 800px) 100vw, 800px\" \/><\/p>\n<p>Consisti\u00f3 en la suba de 8% en el sueldo de abril, 12% con base de julio para incorporar al mes de agosto. <strong>\u201cPero ac\u00e1 hay una peque\u00f1a trampita\u201d<\/strong> advirti\u00f3 al se\u00f1alar que los haberes de agosto se cobrar\u00edan en septiembre. La propuesta contin\u00faa con los porcentajes previstos desde noviembre hasta abril de 2022 donde se alcanzar\u00eda 45%.<\/p>\n<p>&nbsp;<\/p>\n<p><strong>La comisi\u00f3n negociadora dio a conocer su contrapropuesta<\/strong>: buscan llegar a diciembre con un aumento acumulado de 41% y completar entre enero y marzo del a\u00f1o pr\u00f3ximo lo restante para cerrar el a\u00f1o paritario con suba de 48,5%.<\/p>\n<p>&nbsp;<\/p>\n<p>En el corto plazo, el pedido es de aumento de \u201c12% sobre la base de mayo a partir de junio. Esto ser\u00eda sumado al 8% que ya nos dieron. Y era lo que quer\u00edamos de entrada\u201d expres\u00f3 para pasar a detallar los porcentajes mensuales que se solicitaron.<\/p>\n<p><img data-recalc-dims=\"1\" loading=\"lazy\" decoding=\"async\" class=\"size-large wp-image-26453 aligncenter\" src=\"https:\/\/i0.wp.com\/cdnoticias.com\/wp-content\/uploads\/2021\/07\/asamblea-municipales-00.jpg?resize=800%2C445&#038;ssl=1\" alt=\"\" width=\"800\" height=\"445\" srcset=\"https:\/\/i0.wp.com\/cdnoticias.com\/wp-content\/uploads\/2021\/07\/asamblea-municipales-00.jpg?w=1024&amp;ssl=1 1024w, https:\/\/i0.wp.com\/cdnoticias.com\/wp-content\/uploads\/2021\/07\/asamblea-municipales-00.jpg?resize=300%2C167&amp;ssl=1 300w, https:\/\/i0.wp.com\/cdnoticias.com\/wp-content\/uploads\/2021\/07\/asamblea-municipales-00.jpg?resize=768%2C428&amp;ssl=1 768w, https:\/\/i0.wp.com\/cdnoticias.com\/wp-content\/uploads\/2021\/07\/asamblea-municipales-00.jpg?resize=800%2C445&amp;ssl=1 800w\" sizes=\"auto, (max-width: 800px) 100vw, 800px\" \/><\/p>\n<p>A esas demandas sumaron la exigencia de horas extra para liquidar el aguinaldo, un bono de 5 mil pesos en agosto y otro de 15 mil pesos en diciembre, adem\u00e1s del premio anual (presentismo) de 15 mil pesos, y pases a plantas y m\u00e1s detalles vinculados con pedidos de \u00e1reas espec\u00edficas de trabajo.<\/p>\n<p>&nbsp;<\/p>\n<p>Stuppia a\u00f1adi\u00f3<strong> detalles de lo sucedido en la mesa de negociaci\u00f3n<\/strong> a partir de la incorporaci\u00f3n de nuevos empleados y cuestion\u00f3 que el Ejecutivo \u201cnunca mostr\u00f3 voluntad de querer acordar\u201d. En ese marco se refiri\u00f3 a las medidas ya en marcha, como<strong> la \u201cquita de colaboraci\u00f3n\u201d en distintos sectores y a\u00f1adi\u00f3 la suspensi\u00f3n de horas extra<\/strong>.<\/p>\n<p>&nbsp;<\/p>\n<blockquote><p>&#8220;Miedo hay que tenerle a Dios, de ah\u00ed para abajo a nadie&#8221; cerr\u00f3 Stuppia su intervenci\u00f3n.<\/p><\/blockquote>\n<p><img data-recalc-dims=\"1\" loading=\"lazy\" decoding=\"async\" class=\"size-large wp-image-26455 aligncenter\" src=\"https:\/\/i0.wp.com\/cdnoticias.com\/wp-content\/uploads\/2021\/07\/asamblea-municipales-04.jpg?resize=800%2C445&#038;ssl=1\" alt=\"\" width=\"800\" height=\"445\" srcset=\"https:\/\/i0.wp.com\/cdnoticias.com\/wp-content\/uploads\/2021\/07\/asamblea-municipales-04.jpg?resize=1024%2C570&amp;ssl=1 1024w, https:\/\/i0.wp.com\/cdnoticias.com\/wp-content\/uploads\/2021\/07\/asamblea-municipales-04.jpg?resize=300%2C167&amp;ssl=1 300w, https:\/\/i0.wp.com\/cdnoticias.com\/wp-content\/uploads\/2021\/07\/asamblea-municipales-04.jpg?resize=768%2C427&amp;ssl=1 768w, https:\/\/i0.wp.com\/cdnoticias.com\/wp-content\/uploads\/2021\/07\/asamblea-municipales-04.jpg?resize=800%2C445&amp;ssl=1 800w, https:\/\/i0.wp.com\/cdnoticias.com\/wp-content\/uploads\/2021\/07\/asamblea-municipales-04.jpg?w=1152&amp;ssl=1 1152w\" sizes=\"auto, (max-width: 800px) 100vw, 800px\" \/><\/p>\n<p>Luego habl\u00f3 el secretario de Finanzas, <strong>Marcelo D\u00edaz<\/strong>, quien en duros t\u00e9rminos cuestion\u00f3 la respuesta del Ejecutivo a las demandas: \u201cel intendente se caga en nosotros, no les estamos pidiendo nada, necesitamos sangre, sangre de las bases\u201d.<\/p>\n<p>&nbsp;<\/p>\n<p>Otra de las integrantes de la comisi\u00f3n negociadora, <strong>Marisa Luna<\/strong>, resalt\u00f3 que &#8220;esta conducci\u00f3n va al frente, no tenemos miedo. No queremos migajas para los trabajadores, nuestra parte la pusimos en la pandemia. Le pedimos que quiten la colaboraci\u00f3n, que se sienten y sean firmes&#8221;.<\/p>\n<p>&nbsp;<\/p>\n<p>Finalmente, <strong>con la votaci\u00f3n un\u00e1nime de los presentes se defini\u00f3 sumar el recorte de horas extra al quite de colaboraci\u00f3n<\/strong> que se aplica a modo de protesta.<\/p>\n<p><img data-recalc-dims=\"1\" loading=\"lazy\" decoding=\"async\" class=\"size-large wp-image-26470 aligncenter\" src=\"https:\/\/i0.wp.com\/cdnoticias.com\/wp-content\/uploads\/2021\/07\/asamblea-municipales-06.jpg?resize=800%2C445&#038;ssl=1\" alt=\"\" width=\"800\" height=\"445\" srcset=\"https:\/\/i0.wp.com\/cdnoticias.com\/wp-content\/uploads\/2021\/07\/asamblea-municipales-06.jpg?resize=1024%2C570&amp;ssl=1 1024w, https:\/\/i0.wp.com\/cdnoticias.com\/wp-content\/uploads\/2021\/07\/asamblea-municipales-06.jpg?resize=300%2C167&amp;ssl=1 300w, https:\/\/i0.wp.com\/cdnoticias.com\/wp-content\/uploads\/2021\/07\/asamblea-municipales-06.jpg?resize=768%2C427&amp;ssl=1 768w, https:\/\/i0.wp.com\/cdnoticias.com\/wp-content\/uploads\/2021\/07\/asamblea-municipales-06.jpg?resize=800%2C445&amp;ssl=1 800w, https:\/\/i0.wp.com\/cdnoticias.com\/wp-content\/uploads\/2021\/07\/asamblea-municipales-06.jpg?w=1068&amp;ssl=1 1068w\" sizes=\"auto, (max-width: 800px) 100vw, 800px\" \/><\/p>\n","protected":false},"excerpt":{"rendered":"<p>Los trabajadores municipales se reunieron en el estacionamiento. Al quite de colaboraci\u00f3n sumar\u00e1n recorte de horas extra. Se detallaron la<\/p>\n","protected":false},"author":4,"featured_media":26469,"comment_status":"closed","ping_status":"closed","sticky":false,"template":"","format":"standard","meta":{"_jetpack_memberships_contains_paid_content":false,"footnotes":""},"categories":[5,1],"tags":[],"class_list":["post-26474","post","type-post","status-publish","format-standard","has-post-thumbnail","hentry","category-informacion-general","category-portada"],"jetpack_featured_media_url":"https:\/\/i0.wp.com\/cdnoticias.com\/wp-content\/uploads\/2021\/07\/asamblea-municipales-05.jpg?fit=800%2C445&ssl=1","jetpack_sharing_enabled":true,"_links":{"self":[{"href":"https:\/\/cdnoticias.com\/index.php\/wp-json\/wp\/v2\/posts\/26474","targetHints":{"allow":["GET"]}}],"collection":[{"href":"https:\/\/cdnoticias.com\/index.php\/wp-json\/wp\/v2\/posts"}],"about":[{"href":"https:\/\/cdnoticias.com\/index.php\/wp-json\/wp\/v2\/types\/post"}],"author":[{"embeddable":true,"href":"https:\/\/cdnoticias.com\/index.php\/wp-json\/wp\/v2\/users\/4"}],"replies":[{"embeddable":true,"href":"https:\/\/cdnoticias.com\/index.php\/wp-json\/wp\/v2\/comments?post=26474"}],"version-history":[{"count":0,"href":"https:\/\/cdnoticias.com\/index.php\/wp-json\/wp\/v2\/posts\/26474\/revisions"}],"wp:featuredmedia":[{"embeddable":true,"href":"https:\/\/cdnoticias.com\/index.php\/wp-json\/wp\/v2\/media\/26469"}],"wp:attachment":[{"href":"https:\/\/cdnoticias.com\/index.php\/wp-json\/wp\/v2\/media?parent=26474"}],"wp:term":[{"taxonomy":"category","embeddable":true,"href":"https:\/\/cdnoticias.com\/index.php\/wp-json\/wp\/v2\/categories?post=26474"},{"taxonomy":"post_tag","embeddable":true,"href":"https:\/\/cdnoticias.com\/index.php\/wp-json\/wp\/v2\/tags?post=26474"}],"curies":[{"name":"wp","href":"https:\/\/api.w.org\/{rel}","templated":true}]}}