{"id":26471,"date":"2021-07-13T12:36:13","date_gmt":"2021-07-13T15:36:13","guid":{"rendered":"http:\/\/www.centraldenoticias.com.ar\/?p=26471"},"modified":"2021-07-13T12:36:13","modified_gmt":"2021-07-13T15:36:13","slug":"monzo-sera-candidato-a-diputado-nacional-junto-a-facundo-manes","status":"publish","type":"post","link":"https:\/\/cdnoticias.com\/index.php\/2021\/07\/13\/monzo-sera-candidato-a-diputado-nacional-junto-a-facundo-manes\/","title":{"rendered":"Monz\u00f3 ser\u00e1 candidato a diputado nacional junto a Facundo Manes"},"content":{"rendered":"<p>La decisi\u00f3n ser\u00e1 comunicada por el ex presidente de la C\u00e1mara de Diputados esta tarde. A\u00fan no hay detalles del lugar que ocupar\u00e1, pero Manes sigue sumando dirigentes para ir a la interna contra Diego Santilli.<!--more--><\/p>\n<hr \/>\n<p>En la jornada de este martes, y en la previa del cierre de alianzas pol\u00edticas para competir en las elecciones legislativas, <strong>Emilio Monz\u00f3 confirm\u00f3 que estar\u00e1 dentro de Juntos por el Cambio, pero jugar\u00e1 en la interna con el radical Facundo Manes. Juntos, competir\u00e1n contra Diego Santilli, del Pro.<\/strong><\/p>\n<p>&nbsp;<\/p>\n<blockquote><p>Se confirm\u00f3 que desistir\u00e1 de encabezar una lista dentro del Partido del Di\u00e1logo y se sumar\u00e1 a las filas de Manes. Este martes ser\u00e1 comunicado oficialmente en un encuentro en Luj\u00e1n.<\/p><\/blockquote>\n<p>&nbsp;<\/p>\n<p>El ex presidente de la C\u00e1mara de Diputados a\u00fan no confirm\u00f3 cu\u00e1l ser\u00e1 el lugar que ocupar\u00e1 en la lista, pero<strong> se estima que ser\u00e1 el tercero o el quinto, teniendo en cuenta la Ley de Paridad de G\u00e9nero en la lista (2 y 4 le corresponder\u00e1n a mujeres).<\/strong><\/p>\n<p>&nbsp;<\/p>\n<p>En la previa de las legislativas,<strong> Juntos por el Cambio define los dos sectores que competir\u00e1n en las PASO: por un lado, Diego Santilli y el ala \u201cpro\u201d de JxC y por el otro Manes, que ya acord\u00f3 con Monz\u00f3 y se estima que har\u00e1 lo propio con Joaqu\u00edn De La Torre<\/strong>, que aval\u00f3 la candidatura del neurocirujano y adem\u00e1s, confirm\u00f3 que se quedar\u00e1 en el principal frente opositor al gobierno de Kicillof.<\/p>\n","protected":false},"excerpt":{"rendered":"<p>La decisi\u00f3n ser\u00e1 comunicada por el ex presidente de la C\u00e1mara de Diputados esta tarde. A\u00fan no hay detalles del<\/p>\n","protected":false},"author":2,"featured_media":26472,"comment_status":"closed","ping_status":"closed","sticky":false,"template":"","format":"standard","meta":{"_jetpack_memberships_contains_paid_content":false,"footnotes":""},"categories":[6,1],"tags":[],"class_list":["post-26471","post","type-post","status-publish","format-standard","has-post-thumbnail","hentry","category-nacionales","category-portada"],"jetpack_featured_media_url":"https:\/\/i0.wp.com\/cdnoticias.com\/wp-content\/uploads\/2021\/07\/emilio-monzo.jpg?fit=768%2C511&ssl=1","jetpack_sharing_enabled":true,"_links":{"self":[{"href":"https:\/\/cdnoticias.com\/index.php\/wp-json\/wp\/v2\/posts\/26471","targetHints":{"allow":["GET"]}}],"collection":[{"href":"https:\/\/cdnoticias.com\/index.php\/wp-json\/wp\/v2\/posts"}],"about":[{"href":"https:\/\/cdnoticias.com\/index.php\/wp-json\/wp\/v2\/types\/post"}],"author":[{"embeddable":true,"href":"https:\/\/cdnoticias.com\/index.php\/wp-json\/wp\/v2\/users\/2"}],"replies":[{"embeddable":true,"href":"https:\/\/cdnoticias.com\/index.php\/wp-json\/wp\/v2\/comments?post=26471"}],"version-history":[{"count":0,"href":"https:\/\/cdnoticias.com\/index.php\/wp-json\/wp\/v2\/posts\/26471\/revisions"}],"wp:featuredmedia":[{"embeddable":true,"href":"https:\/\/cdnoticias.com\/index.php\/wp-json\/wp\/v2\/media\/26472"}],"wp:attachment":[{"href":"https:\/\/cdnoticias.com\/index.php\/wp-json\/wp\/v2\/media?parent=26471"}],"wp:term":[{"taxonomy":"category","embeddable":true,"href":"https:\/\/cdnoticias.com\/index.php\/wp-json\/wp\/v2\/categories?post=26471"},{"taxonomy":"post_tag","embeddable":true,"href":"https:\/\/cdnoticias.com\/index.php\/wp-json\/wp\/v2\/tags?post=26471"}],"curies":[{"name":"wp","href":"https:\/\/api.w.org\/{rel}","templated":true}]}}