{"id":26458,"date":"2021-07-13T11:54:39","date_gmt":"2021-07-13T14:54:39","guid":{"rendered":"http:\/\/www.centraldenoticias.com.ar\/?p=26458"},"modified":"2021-07-13T11:54:39","modified_gmt":"2021-07-13T14:54:39","slug":"situacion-sanitaria-provincial-olavarria-sigue-en-fase-4","status":"publish","type":"post","link":"https:\/\/cdnoticias.com\/index.php\/2021\/07\/13\/situacion-sanitaria-provincial-olavarria-sigue-en-fase-4\/","title":{"rendered":"Situaci\u00f3n sanitaria provincial: Olavarr\u00eda sigue en fase 4"},"content":{"rendered":"<p>El gobernador Kicillof con los ministros Daniel Goll\u00e1n y Carlos Bianco informaron la actualidad de la pandemia. Se destac\u00f3 \u201cel crecimiento vertiginoso del ritmo de vacunaci\u00f3n\u201d.<!--more--><\/p>\n<hr \/>\n<p><strong>El gobernador Axel Kicillof encabez\u00f3 la conferencia de prensa por la situaci\u00f3n sanitaria provincial<\/strong> en el marco de la pandemia junto a los ministros de Salud, Daniel Goll\u00e1n, y de Jefatura de Gabinete, Carlos Bianco. <a href=\"https:\/\/cdnoticias.com\/index.php\/2021\/07\/13\/olavarria-es-ciudad-protegida-habra-vacunacion-libre-a-mayores-de-18-anos\/\" target=\"_blank\" rel=\"noopener\">All\u00ed se anunci\u00f3 la inclusi\u00f3n de Olavarr\u00eda como ciudad protegida<\/a>.<\/p>\n<p>&nbsp;<\/p>\n<p>Las intervenciones de los tres funcionarios apuntaron a enfatizar la<strong> necesidad de \u201cretrasar\u201d el ingreso de la nueva variante, Delta, del virus<\/strong> y avanzar con la vacunaci\u00f3n, al mismo tiempo de sostener las medidas de prevenci\u00f3n.<\/p>\n<p>&nbsp;<\/p>\n<p><img data-recalc-dims=\"1\" loading=\"lazy\" decoding=\"async\" class=\"size-full wp-image-26467 aligncenter\" src=\"https:\/\/i0.wp.com\/cdnoticias.com\/wp-content\/uploads\/2021\/07\/conferencia-00.jpg?resize=800%2C446&#038;ssl=1\" alt=\"\" width=\"800\" height=\"446\" srcset=\"https:\/\/i0.wp.com\/cdnoticias.com\/wp-content\/uploads\/2021\/07\/conferencia-00.jpg?w=800&amp;ssl=1 800w, https:\/\/i0.wp.com\/cdnoticias.com\/wp-content\/uploads\/2021\/07\/conferencia-00.jpg?resize=300%2C167&amp;ssl=1 300w, https:\/\/i0.wp.com\/cdnoticias.com\/wp-content\/uploads\/2021\/07\/conferencia-00.jpg?resize=768%2C428&amp;ssl=1 768w\" sizes=\"auto, (max-width: 800px) 100vw, 800px\" \/><\/p>\n<p>&nbsp;<\/p>\n<p>Goll\u00e1n apunt\u00f3 a la importancia de \u201cevitar la circulaci\u00f3n comunitaria\u201d. Bianco ofreci\u00f3 datos de las salidas y regresos al pa\u00eds de ciudadanos bonaerenses, as\u00ed como del control del cumplimiento del aislamiento dispuesto.<\/p>\n<p>&nbsp;<\/p>\n<p>Por su lado, Kicillof compar\u00f3 tasas de contagios en pa\u00edses donde Delta ya ha ingresado y es la variante dominante. <strong>\u201cUsaremos todos los instrumentos que sean necesarios para proteger al pueblo de la Provincia mientras avanza de forma extraordinaria la campa\u00f1a de vacunaci\u00f3n\u201d<\/strong> dijo.<\/p>\n<p>&nbsp;<\/p>\n<p><strong>Fases<\/strong><\/p>\n<p>&nbsp;<\/p>\n<p>El jefe de Gabinete provincial inform\u00f3 la <strong>pr\u00f3rroga de las medidas sanitarias dispuestas para el sistema de fases hasta el 6 de agosto<\/strong> y detall\u00f3 los cambios en el mapa.<\/p>\n<p>&nbsp;<\/p>\n<p><img data-recalc-dims=\"1\" loading=\"lazy\" decoding=\"async\" class=\"size-full wp-image-26464 aligncenter\" src=\"https:\/\/i0.wp.com\/cdnoticias.com\/wp-content\/uploads\/2021\/07\/conferencia-fases-00-1.jpg?resize=800%2C445&#038;ssl=1\" alt=\"\" width=\"800\" height=\"445\" srcset=\"https:\/\/i0.wp.com\/cdnoticias.com\/wp-content\/uploads\/2021\/07\/conferencia-fases-00-1.jpg?w=800&amp;ssl=1 800w, https:\/\/i0.wp.com\/cdnoticias.com\/wp-content\/uploads\/2021\/07\/conferencia-fases-00-1.jpg?resize=300%2C167&amp;ssl=1 300w, https:\/\/i0.wp.com\/cdnoticias.com\/wp-content\/uploads\/2021\/07\/conferencia-fases-00-1.jpg?resize=768%2C427&amp;ssl=1 768w\" sizes=\"auto, (max-width: 800px) 100vw, 800px\" \/><\/p>\n<p>&nbsp;<\/p>\n<blockquote><p>Olavarr\u00eda contin\u00faa en fase 4 y la mayor\u00eda de los cambios son con mejoras de la situaci\u00f3n de distritos.<\/p><\/blockquote>\n<p>&nbsp;<\/p>\n<p><strong>Hay 22 municipios en fase 2<\/strong> (la semana anterior eran 37); son<strong> 105 municipios en fase 3<\/strong> (la semana previa eran 92); y se cuentan s\u00f3lo <strong>8 municipios en fase 4<\/strong> (la semana anterior hab\u00eda 6 distritos).<\/p>\n<p>&nbsp;<\/p>\n<p><img data-recalc-dims=\"1\" loading=\"lazy\" decoding=\"async\" class=\"size-full wp-image-26459 aligncenter\" src=\"https:\/\/i0.wp.com\/cdnoticias.com\/wp-content\/uploads\/2021\/07\/conferencia-bianco.jpg?resize=800%2C445&#038;ssl=1\" alt=\"\" width=\"800\" height=\"445\" srcset=\"https:\/\/i0.wp.com\/cdnoticias.com\/wp-content\/uploads\/2021\/07\/conferencia-bianco.jpg?w=800&amp;ssl=1 800w, https:\/\/i0.wp.com\/cdnoticias.com\/wp-content\/uploads\/2021\/07\/conferencia-bianco.jpg?resize=300%2C167&amp;ssl=1 300w, https:\/\/i0.wp.com\/cdnoticias.com\/wp-content\/uploads\/2021\/07\/conferencia-bianco.jpg?resize=768%2C427&amp;ssl=1 768w\" sizes=\"auto, (max-width: 800px) 100vw, 800px\" \/><\/p>\n<p>&nbsp;<\/p>\n<p>\u201cEs una buena noticia en consonancia con la ca\u00edda general de casos\u201d evalu\u00f3 Bianco para se\u00f1alar que 15 distritos pasaron de fase 2 a fase 3, entre ellos <strong>La Madrid, Roque P\u00e9rez y Saladillo<\/strong>.\u00a0Un municipio pas\u00f3 de fase 4 a fase 3 \u2013Baradero-; y tres municipios pasaron de fase 3 a fase 4, entre ellos<strong> Daireaux<\/strong>.<\/p>\n<p>&nbsp;<\/p>\n<p><strong>Situaci\u00f3n sanitaria<\/strong><\/p>\n<p>&nbsp;<\/p>\n<p>En cuanto al avance del coronavirus, Goll\u00e1n destac\u00f3 que se alcanz\u00f3 <strong>\u201cla s\u00e9ptima semana consecutiva con ca\u00edda de casos\u201d y \u201cel crecimiento vertiginoso del ritmo de vacunaci\u00f3n\u201d<\/strong>. A su vez adelant\u00f3 la pr\u00f3xima publicaci\u00f3n de una investigaci\u00f3n de la que participa el Ministerio de Salud provincia sobre inmunidad.<\/p>\n<p>&nbsp;<\/p>\n<p><img data-recalc-dims=\"1\" loading=\"lazy\" decoding=\"async\" class=\"size-full wp-image-26466 aligncenter\" src=\"https:\/\/i0.wp.com\/cdnoticias.com\/wp-content\/uploads\/2021\/07\/conferencia-gollan.jpg?resize=800%2C444&#038;ssl=1\" alt=\"\" width=\"800\" height=\"444\" srcset=\"https:\/\/i0.wp.com\/cdnoticias.com\/wp-content\/uploads\/2021\/07\/conferencia-gollan.jpg?w=800&amp;ssl=1 800w, https:\/\/i0.wp.com\/cdnoticias.com\/wp-content\/uploads\/2021\/07\/conferencia-gollan.jpg?resize=300%2C167&amp;ssl=1 300w, https:\/\/i0.wp.com\/cdnoticias.com\/wp-content\/uploads\/2021\/07\/conferencia-gollan.jpg?resize=768%2C426&amp;ssl=1 768w\" sizes=\"auto, (max-width: 800px) 100vw, 800px\" \/><\/p>\n<p>&nbsp;<\/p>\n<p>Tal como se hab\u00eda adelantado,<a href=\"https:\/\/cdnoticias.com\/index.php\/2021\/07\/12\/caida-acumulada-de-61-los-contagios-bajaron-por-septima-semana-consecutiva\/\" target=\"_blank\" rel=\"noopener\"> los casos cayeron 61% respecto del pico que se registr\u00f3 en la semana epidemiol\u00f3gica 21<\/a>. El ministro apunt\u00f3 a que la cantidad de casos detectados la semana pasada -4.700 promedio diario- que representan una baja incluso por debajo del rebrote del verano. <strong>\u201cEs una buena noticia, est\u00e1n bajando los casos, pero no debemos descuidarnos\u201d<\/strong> advirti\u00f3.<\/p>\n<p>&nbsp;<\/p>\n<p>El funcionario detall\u00f3 adem\u00e1s <strong>el porcentaje de ocupaci\u00f3n de camas de terapia intensiva<\/strong>. En la zona AMBA es de 65,1% (1.049 camas ocupadas con pacientes Covid): \u201ca\u00fan es alta\u201d defini\u00f3. <strong>En cuanto a la zona interior, \u201cvemos la misma tendencia\u201d dijo, para indicar que la ocupaci\u00f3n es de 50,7%<\/strong> (362 camas ocupadas con pacientes con Covid).<\/p>\n<p>&nbsp;<\/p>\n<p><img data-recalc-dims=\"1\" loading=\"lazy\" decoding=\"async\" class=\"size-full wp-image-26462 aligncenter\" src=\"https:\/\/i0.wp.com\/cdnoticias.com\/wp-content\/uploads\/2021\/07\/conferencia-datos-vacuna-00-1.jpg?resize=800%2C444&#038;ssl=1\" alt=\"\" width=\"800\" height=\"444\" srcset=\"https:\/\/i0.wp.com\/cdnoticias.com\/wp-content\/uploads\/2021\/07\/conferencia-datos-vacuna-00-1.jpg?w=800&amp;ssl=1 800w, https:\/\/i0.wp.com\/cdnoticias.com\/wp-content\/uploads\/2021\/07\/conferencia-datos-vacuna-00-1.jpg?resize=300%2C167&amp;ssl=1 300w, https:\/\/i0.wp.com\/cdnoticias.com\/wp-content\/uploads\/2021\/07\/conferencia-datos-vacuna-00-1.jpg?resize=768%2C426&amp;ssl=1 768w\" sizes=\"auto, (max-width: 800px) 100vw, 800px\" \/><\/p>\n<p>&nbsp;<\/p>\n<blockquote><p>\u201cEstamos acerc\u00e1ndonos a las 10 millones de vacunas aplicadas\u201d destac\u00f3 Goll\u00e1n y consider\u00f3 que \u201cha habido un crecimiento impresionante de la vacunaci\u00f3n en la provincia de Buenos Aires: se est\u00e1 vacunando pr\u00e1cticamente el 1% de la poblaci\u00f3n por d\u00eda\u201d.<\/p><\/blockquote>\n<p>&nbsp;<\/p>\n<p>Ofreci\u00f3 detalles de los alcances por grupo de vacunaci\u00f3n y celebr\u00f3 que <strong>se ha superado el 90% en las personas con mayor riesgo<\/strong>, y que \u201cya se llega casi a 50% de vacunaci\u00f3n de la poblaci\u00f3n sin comorbilidades\u201d.<\/p>\n<p>&nbsp;<\/p>\n<p>\u201cEstamos tremendamente conformes\u201d expres\u00f3 Goll\u00e1n sobre el avance de las aplicaciones de primeras dosis. En tanto, el gobernador Kicillof indic\u00f3 que <strong>\u201chemos aplicado 1.916.000 vacunas en julio, casi dos millones en 12 d\u00edas. Es estupendo haber alcanzado este avance\u201d<\/strong>.<\/p>\n<p>&nbsp;<\/p>\n<p><img data-recalc-dims=\"1\" loading=\"lazy\" decoding=\"async\" class=\"size-full wp-image-26463 aligncenter\" src=\"https:\/\/i0.wp.com\/cdnoticias.com\/wp-content\/uploads\/2021\/07\/conferencia-datos-vacuna-01-1.jpg?resize=800%2C445&#038;ssl=1\" alt=\"\" width=\"800\" height=\"445\" srcset=\"https:\/\/i0.wp.com\/cdnoticias.com\/wp-content\/uploads\/2021\/07\/conferencia-datos-vacuna-01-1.jpg?w=800&amp;ssl=1 800w, https:\/\/i0.wp.com\/cdnoticias.com\/wp-content\/uploads\/2021\/07\/conferencia-datos-vacuna-01-1.jpg?resize=300%2C167&amp;ssl=1 300w, https:\/\/i0.wp.com\/cdnoticias.com\/wp-content\/uploads\/2021\/07\/conferencia-datos-vacuna-01-1.jpg?resize=768%2C427&amp;ssl=1 768w\" sizes=\"auto, (max-width: 800px) 100vw, 800px\" \/><\/p>\n","protected":false},"excerpt":{"rendered":"<p>El gobernador Kicillof con los ministros Daniel Goll\u00e1n y Carlos Bianco informaron la actualidad de la pandemia. Se destac\u00f3 \u201cel<\/p>\n","protected":false},"author":4,"featured_media":26465,"comment_status":"closed","ping_status":"closed","sticky":false,"template":"","format":"standard","meta":{"_jetpack_memberships_contains_paid_content":false,"footnotes":""},"categories":[6,1],"tags":[],"class_list":["post-26458","post","type-post","status-publish","format-standard","has-post-thumbnail","hentry","category-nacionales","category-portada"],"jetpack_featured_media_url":"https:\/\/i0.wp.com\/cdnoticias.com\/wp-content\/uploads\/2021\/07\/conferencia-fases.jpg?fit=1366%2C768&ssl=1","jetpack_sharing_enabled":true,"_links":{"self":[{"href":"https:\/\/cdnoticias.com\/index.php\/wp-json\/wp\/v2\/posts\/26458","targetHints":{"allow":["GET"]}}],"collection":[{"href":"https:\/\/cdnoticias.com\/index.php\/wp-json\/wp\/v2\/posts"}],"about":[{"href":"https:\/\/cdnoticias.com\/index.php\/wp-json\/wp\/v2\/types\/post"}],"author":[{"embeddable":true,"href":"https:\/\/cdnoticias.com\/index.php\/wp-json\/wp\/v2\/users\/4"}],"replies":[{"embeddable":true,"href":"https:\/\/cdnoticias.com\/index.php\/wp-json\/wp\/v2\/comments?post=26458"}],"version-history":[{"count":0,"href":"https:\/\/cdnoticias.com\/index.php\/wp-json\/wp\/v2\/posts\/26458\/revisions"}],"wp:featuredmedia":[{"embeddable":true,"href":"https:\/\/cdnoticias.com\/index.php\/wp-json\/wp\/v2\/media\/26465"}],"wp:attachment":[{"href":"https:\/\/cdnoticias.com\/index.php\/wp-json\/wp\/v2\/media?parent=26458"}],"wp:term":[{"taxonomy":"category","embeddable":true,"href":"https:\/\/cdnoticias.com\/index.php\/wp-json\/wp\/v2\/categories?post=26458"},{"taxonomy":"post_tag","embeddable":true,"href":"https:\/\/cdnoticias.com\/index.php\/wp-json\/wp\/v2\/tags?post=26458"}],"curies":[{"name":"wp","href":"https:\/\/api.w.org\/{rel}","templated":true}]}}