{"id":26433,"date":"2021-07-12T20:08:21","date_gmt":"2021-07-12T23:08:21","guid":{"rendered":"http:\/\/www.centraldenoticias.com.ar\/?p=26433"},"modified":"2021-07-12T20:08:21","modified_gmt":"2021-07-12T23:08:21","slug":"agueda-walter-sauer-viuda-de-moriones-q-e-p-d","status":"publish","type":"post","link":"https:\/\/cdnoticias.com\/index.php\/2021\/07\/12\/agueda-walter-sauer-viuda-de-moriones-q-e-p-d\/","title":{"rendered":"Agueda Walter Sauer viuda de Moriones (Q.E.P.D.)"},"content":{"rendered":"<p>Falleci\u00f3 en Olavarr\u00eda el d\u00eda 12 de Julio de 2021 a los 95 a\u00f1os de edad. Sus hijos Alicia Ester, H\u00e9ctor Daniel y Norma Graciela, sus hijos pol\u00edticos Mar\u00eda Elena, Ricardo Alberto, Graciela Amanda y Miguel \u00c1ngel, sus nietos Julio, Rosario, Luciana, Silvana, Juan Pablo y Mar\u00eda Luj\u00e1n y dem\u00e1s deudos participan su fallecimiento.<\/p>\n<p>&nbsp;<\/p>\n<p>Sus restos ser\u00e1n velados este martes en la sala de Espa\u00f1a 2942, departamento &#8220;B&#8221;, desde las 9 y ser\u00e1n inhumados desde las 11 en el Cementerio Municipal. Servicio adherido a Coopelectric<\/p>\n<p>&nbsp;<\/p>\n<p>Nacida en Colonia Hinojo, vecina del barrio Luj\u00e1n. Jubilada y pensionada.<\/p>\n<p>&nbsp;<\/p>\n<p>&nbsp;<\/p>\n<p>&nbsp;<\/p>\n<p>&nbsp;<\/p>\n","protected":false},"excerpt":{"rendered":"<p>Falleci\u00f3 en Olavarr\u00eda el d\u00eda 12 de Julio de 2021 a los 95 a\u00f1os de edad. Sus hijos Alicia Ester,<\/p>\n","protected":false},"author":3,"featured_media":0,"comment_status":"closed","ping_status":"closed","sticky":false,"template":"","format":"standard","meta":{"_jetpack_memberships_contains_paid_content":false,"footnotes":""},"categories":[10],"tags":[],"class_list":["post-26433","post","type-post","status-publish","format-standard","hentry","category-necrologicas"],"jetpack_featured_media_url":"","jetpack_sharing_enabled":true,"_links":{"self":[{"href":"https:\/\/cdnoticias.com\/index.php\/wp-json\/wp\/v2\/posts\/26433","targetHints":{"allow":["GET"]}}],"collection":[{"href":"https:\/\/cdnoticias.com\/index.php\/wp-json\/wp\/v2\/posts"}],"about":[{"href":"https:\/\/cdnoticias.com\/index.php\/wp-json\/wp\/v2\/types\/post"}],"author":[{"embeddable":true,"href":"https:\/\/cdnoticias.com\/index.php\/wp-json\/wp\/v2\/users\/3"}],"replies":[{"embeddable":true,"href":"https:\/\/cdnoticias.com\/index.php\/wp-json\/wp\/v2\/comments?post=26433"}],"version-history":[{"count":0,"href":"https:\/\/cdnoticias.com\/index.php\/wp-json\/wp\/v2\/posts\/26433\/revisions"}],"wp:attachment":[{"href":"https:\/\/cdnoticias.com\/index.php\/wp-json\/wp\/v2\/media?parent=26433"}],"wp:term":[{"taxonomy":"category","embeddable":true,"href":"https:\/\/cdnoticias.com\/index.php\/wp-json\/wp\/v2\/categories?post=26433"},{"taxonomy":"post_tag","embeddable":true,"href":"https:\/\/cdnoticias.com\/index.php\/wp-json\/wp\/v2\/tags?post=26433"}],"curies":[{"name":"wp","href":"https:\/\/api.w.org\/{rel}","templated":true}]}}