{"id":26431,"date":"2021-07-12T20:02:34","date_gmt":"2021-07-12T23:02:34","guid":{"rendered":"http:\/\/www.centraldenoticias.com.ar\/?p=26431"},"modified":"2021-07-12T20:02:34","modified_gmt":"2021-07-12T23:02:34","slug":"reunion-abierta-del-sindicato-de-municipales-por-la-negociacion-paritaria","status":"publish","type":"post","link":"https:\/\/cdnoticias.com\/index.php\/2021\/07\/12\/reunion-abierta-del-sindicato-de-municipales-por-la-negociacion-paritaria\/","title":{"rendered":"\u201cReuni\u00f3n abierta\u201d del Sindicato de Municipales por la negociaci\u00f3n paritaria"},"content":{"rendered":"<p>Se llevar\u00e1 a cabo en la ma\u00f1ana de este martes en el estacionamiento del Hospital Municipal.<!--more--><\/p>\n<hr \/>\n<p>En la ma\u00f1ana de este martes, <a href=\"https:\/\/cdnoticias.com\/index.php\/2021\/07\/08\/municipales-en-estado-de-alerta-y-movilizacion-ante-el-desacuerdo-con-la-oferta-salarial\/\" target=\"_blank\" rel=\"noopener\">tal como fue convocada durante la semana pasada<\/a>, se va a desarrollar una \u201creuni\u00f3n abierta\u201d del Sindicato de Trabajadores Municipales <strong>para definir las medidas a tomar y c\u00f3mo avanzar en el marco de la discusi\u00f3n paritaria con el Ejecutivo local<\/strong>.<\/p>\n<p>&nbsp;<\/p>\n<p><strong>Todo se va a desarrollar desde las 10 en el estacionamiento del Hospital Municipal<\/strong>, en un encuentro del que no solo tomar\u00e1n parte delegados del gremio encabezado por Jos\u00e9 Salvador Stuppia, sino que la convocatoria, tal como lo indica su nombre, es para todo trabajador del sector que quiera ser parte de la misma, seg\u00fan se enfatiz\u00f3 a este portal.<\/p>\n<p>&nbsp;<\/p>\n<p>Vale recordar desde el STMO se encuentra en \u201cestado de alerta y movilizaci\u00f3n\u201d luego de que d\u00edas atr\u00e1s fuera rechazada la oferta del gobierno municipal.<strong> \u201cEsperando respuesta a la contrapropuesta presentada por el gremio, all\u00ed los compa\u00f1eros y compa\u00f1eras resolver\u00e1n las medidas a tomar\u201d<\/strong>,\u00a0 se explic\u00f3 desde el Sindicato.<\/p>\n","protected":false},"excerpt":{"rendered":"<p>Se llevar\u00e1 a cabo en la ma\u00f1ana de este martes en el estacionamiento del Hospital Municipal.<\/p>\n","protected":false},"author":3,"featured_media":19104,"comment_status":"closed","ping_status":"closed","sticky":false,"template":"","format":"standard","meta":{"_jetpack_memberships_contains_paid_content":false,"footnotes":""},"categories":[5,1],"tags":[],"class_list":["post-26431","post","type-post","status-publish","format-standard","has-post-thumbnail","hentry","category-informacion-general","category-portada"],"jetpack_featured_media_url":"https:\/\/i0.wp.com\/cdnoticias.com\/wp-content\/uploads\/2021\/04\/municipales05.jpg?fit=800%2C445&ssl=1","jetpack_sharing_enabled":true,"_links":{"self":[{"href":"https:\/\/cdnoticias.com\/index.php\/wp-json\/wp\/v2\/posts\/26431","targetHints":{"allow":["GET"]}}],"collection":[{"href":"https:\/\/cdnoticias.com\/index.php\/wp-json\/wp\/v2\/posts"}],"about":[{"href":"https:\/\/cdnoticias.com\/index.php\/wp-json\/wp\/v2\/types\/post"}],"author":[{"embeddable":true,"href":"https:\/\/cdnoticias.com\/index.php\/wp-json\/wp\/v2\/users\/3"}],"replies":[{"embeddable":true,"href":"https:\/\/cdnoticias.com\/index.php\/wp-json\/wp\/v2\/comments?post=26431"}],"version-history":[{"count":0,"href":"https:\/\/cdnoticias.com\/index.php\/wp-json\/wp\/v2\/posts\/26431\/revisions"}],"wp:featuredmedia":[{"embeddable":true,"href":"https:\/\/cdnoticias.com\/index.php\/wp-json\/wp\/v2\/media\/19104"}],"wp:attachment":[{"href":"https:\/\/cdnoticias.com\/index.php\/wp-json\/wp\/v2\/media?parent=26431"}],"wp:term":[{"taxonomy":"category","embeddable":true,"href":"https:\/\/cdnoticias.com\/index.php\/wp-json\/wp\/v2\/categories?post=26431"},{"taxonomy":"post_tag","embeddable":true,"href":"https:\/\/cdnoticias.com\/index.php\/wp-json\/wp\/v2\/tags?post=26431"}],"curies":[{"name":"wp","href":"https:\/\/api.w.org\/{rel}","templated":true}]}}