{"id":26411,"date":"2021-07-12T19:11:31","date_gmt":"2021-07-12T22:11:31","guid":{"rendered":"http:\/\/www.centraldenoticias.com.ar\/?p=26411"},"modified":"2021-07-12T21:00:53","modified_gmt":"2021-07-13T00:00:53","slug":"con-una-decena-de-testimonios-inicio-el-juicio-contra-referentes-de-la-uocra","status":"publish","type":"post","link":"https:\/\/cdnoticias.com\/index.php\/2021\/07\/12\/con-una-decena-de-testimonios-inicio-el-juicio-contra-referentes-de-la-uocra\/","title":{"rendered":"Con una decena de testimonios inici\u00f3 el juicio contra referentes de la Uocra"},"content":{"rendered":"<p>Se trat\u00f3 principalmente de aquellos vinculados a la persecuci\u00f3n y captura de Conrado, lo que dio inicio a todo. Este martes declarar\u00e1n empresarios locales. <strong>Los detalles.<\/strong><!--more--><\/p>\n<hr \/>\n<p>Con el inicio de la ma\u00f1ana de este lunes dio comienzo en el Palacio de Justicia de Azul <a href=\"https:\/\/cdnoticias.com\/index.php\/2021\/07\/09\/este-lunes-iniciara-el-juicio-por-extorsion-y-asociacion-ilicita-contra-referentes-de-la-uocra-local\/\" target=\"_blank\" rel=\"noopener\">el juicio oral contra referentes del Sindicato de la Construcci\u00f3n de Olavarr\u00eda, a quienes se les sigue una investigaci\u00f3n por \u201casociaci\u00f3n il\u00edcita\u201d y \u201cextorsiones\u201d<\/a>, que habr\u00edan tenido como v\u00edctima a empresarios y firmas locales, a quienes se les habr\u00eda exigido el pago de d\u00e1divas para no sufrir contratiempos u obst\u00e1culos en obras en la ciudad.<\/p>\n<p>&nbsp;<\/p>\n<p><img data-recalc-dims=\"1\" loading=\"lazy\" decoding=\"async\" class=\"alignnone size-full wp-image-12886\" src=\"https:\/\/i0.wp.com\/cdnoticias.com\/wp-content\/uploads\/2021\/02\/uocra02.jpg?resize=741%2C445&#038;ssl=1\" alt=\"\" width=\"741\" height=\"445\" srcset=\"https:\/\/i0.wp.com\/cdnoticias.com\/wp-content\/uploads\/2021\/02\/uocra02.jpg?w=741&amp;ssl=1 741w, https:\/\/i0.wp.com\/cdnoticias.com\/wp-content\/uploads\/2021\/02\/uocra02.jpg?resize=300%2C180&amp;ssl=1 300w\" sizes=\"auto, (max-width: 741px) 100vw, 741px\" \/><\/p>\n<p>&nbsp;<\/p>\n<p>No obstante ello, <strong>el transcurso de esta primera audiencia gir\u00f3 principalmente en torno a la situaci\u00f3n particular de uno de ellos, Luis Daniel Conrado, quien protagoniz\u00f3 la primera secuencia de hechos que dio inicio a la investigaci\u00f3n<\/strong> que, posteriormente, implic\u00f3 a otros integrantes de la c\u00fapula de la Uocra local. De acuerdo con lo que logr\u00f3 conocer este portal, declararon en total una decena de testigos que en su mayor\u00eda se vincularon con lo sucedido a inicios de agosto del a\u00f1o pasado, precisamente en la jornada en la que el acusado habr\u00eda sido descubierto arrojando residuos en un predio.<\/p>\n<p>&nbsp;<\/p>\n<p>Tras el llamado de polic\u00edas intent\u00f3 escapar y dio lugar a una persecuci\u00f3n que se prolong\u00f3 por varias cuadras. Al ser interceptado, lejos de culminar la historia, se trenz\u00f3 a golpes y busc\u00f3 huir nuevamente, siendo reducido y esposado. En su intento de escape arroj\u00f3 una mochila con una importante suma de dinero en efectivo que busc\u00f3 utilizar para coimear a los agentes para que lo liberen. <strong>El secuestro de un sobre con dinero \u00a0a nombre de la entidad gremial y con la inscripci\u00f3n del mes corriente fue lo que dio inicio a toda la investigaci\u00f3n, liderada hasta su culminaci\u00f3n por la fiscal Viviana Beyt\u00eda.<\/strong><\/p>\n<p>&nbsp;<\/p>\n<p><img data-recalc-dims=\"1\" loading=\"lazy\" decoding=\"async\" class=\"alignnone size-full wp-image-12885\" src=\"https:\/\/i0.wp.com\/cdnoticias.com\/wp-content\/uploads\/2021\/02\/tribunales.jpg?resize=791%2C541&#038;ssl=1\" alt=\"\" width=\"791\" height=\"541\" \/><\/p>\n<p>&nbsp;<\/p>\n<p>Los testigos de este lunes fueron precisamente de toda esta secuencia por la cual a Conrado se le imputa adem\u00e1s los delitos de \u201cresistencia a la autoridad\u201d, \u201clesiones\u201d y \u201ccohecho\u201d, acusaciones que durante el debate son sostenidas por la fiscal azule\u00f1a Laura Margaretic, quien se encuentra subrogando a la funcionaria judicial olavarriense.<strong> Se trat\u00f3 en mayor medida del personal policial que fue parte de cada una de esas tareas, quienes habr\u00edan ratificado las declaraciones y actuaciones labradas en aquel entonces.<\/strong><\/p>\n<p>&nbsp;<\/p>\n<p><strong>La audiencia se prolong\u00f3 por alrededor de 5 horas, teniendo como escenario la sala de audiencias de la C\u00e1mara de Apelaciones y Garant\u00edas, que por sus dimensiones fue elegida como sede temporal para el Tribunal Oral en lo Criminal 1<\/strong>, representado de manera unipersonal por el juez Joaqu\u00edn Duba. Se pudo ver tambi\u00e9n a la totalidad de los acusados, aunque debido al cronograma de testigos s\u00f3lo permaneci\u00f3 Conrado la totalidad de la audiencia.<\/p>\n<p>&nbsp;<\/p>\n<p><img data-recalc-dims=\"1\" loading=\"lazy\" decoding=\"async\" class=\"alignnone size-large wp-image-26427\" src=\"https:\/\/i0.wp.com\/cdnoticias.com\/wp-content\/uploads\/2021\/07\/secuestro-n.jpg?resize=800%2C600&#038;ssl=1\" alt=\"\" width=\"800\" height=\"600\" srcset=\"https:\/\/i0.wp.com\/cdnoticias.com\/wp-content\/uploads\/2021\/07\/secuestro-n.jpg?resize=1024%2C768&amp;ssl=1 1024w, https:\/\/i0.wp.com\/cdnoticias.com\/wp-content\/uploads\/2021\/07\/secuestro-n.jpg?resize=300%2C225&amp;ssl=1 300w, https:\/\/i0.wp.com\/cdnoticias.com\/wp-content\/uploads\/2021\/07\/secuestro-n.jpg?resize=768%2C576&amp;ssl=1 768w, https:\/\/i0.wp.com\/cdnoticias.com\/wp-content\/uploads\/2021\/07\/secuestro-n.jpg?w=1032&amp;ssl=1 1032w\" sizes=\"auto, (max-width: 800px) 100vw, 800px\" \/><\/p>\n<p>&nbsp;<\/p>\n<p><strong>Este martes todo se presume distinto, ya que se avanzar\u00e1 de lleno en lo que tiene que ver con la \u201casociaci\u00f3n il\u00edcita\u201d y las extorsiones, que son en total tres casos, dos consumados y uno en grado de tentativa<\/strong>. Este portal logr\u00f3 conocer que, entre otras personas, se espera por la palabra de empresarios locales, lo que permitir\u00e1 conocer detalles y precisiones acerca de estas pr\u00e1cticas que se habr\u00edan llevado a cabo desde la entidad gremial.<\/p>\n<p>&nbsp;<\/p>\n<p>Vale recordar que los otros acusados son, por un lado, Roberto D\u00b4Amico, hist\u00f3rico referente de la Uocra local y quien fue u<strong>bicado en calidad de \u201cjefe u organizador\u201d de la \u201casociaci\u00f3n il\u00edcita\u201d, figura que incrementa el monto de una posible pena<\/strong> y, por el otro, a Walter Brun, quien al momento de la captura era el Secretario de Organizaci\u00f3n del gremio de la construcci\u00f3n.<\/p>\n","protected":false},"excerpt":{"rendered":"<p>Se trat\u00f3 principalmente de aquellos vinculados a la persecuci\u00f3n y captura de Conrado, lo que dio inicio a todo. Este<\/p>\n","protected":false},"author":3,"featured_media":12887,"comment_status":"closed","ping_status":"closed","sticky":false,"template":"","format":"standard","meta":{"_jetpack_memberships_contains_paid_content":false,"footnotes":""},"categories":[14,1],"tags":[],"class_list":["post-26411","post","type-post","status-publish","format-standard","has-post-thumbnail","hentry","category-policiales","category-portada"],"jetpack_featured_media_url":"https:\/\/i0.wp.com\/cdnoticias.com\/wp-content\/uploads\/2021\/02\/uocra.jpg?fit=806%2C549&ssl=1","jetpack_sharing_enabled":true,"_links":{"self":[{"href":"https:\/\/cdnoticias.com\/index.php\/wp-json\/wp\/v2\/posts\/26411","targetHints":{"allow":["GET"]}}],"collection":[{"href":"https:\/\/cdnoticias.com\/index.php\/wp-json\/wp\/v2\/posts"}],"about":[{"href":"https:\/\/cdnoticias.com\/index.php\/wp-json\/wp\/v2\/types\/post"}],"author":[{"embeddable":true,"href":"https:\/\/cdnoticias.com\/index.php\/wp-json\/wp\/v2\/users\/3"}],"replies":[{"embeddable":true,"href":"https:\/\/cdnoticias.com\/index.php\/wp-json\/wp\/v2\/comments?post=26411"}],"version-history":[{"count":0,"href":"https:\/\/cdnoticias.com\/index.php\/wp-json\/wp\/v2\/posts\/26411\/revisions"}],"wp:featuredmedia":[{"embeddable":true,"href":"https:\/\/cdnoticias.com\/index.php\/wp-json\/wp\/v2\/media\/12887"}],"wp:attachment":[{"href":"https:\/\/cdnoticias.com\/index.php\/wp-json\/wp\/v2\/media?parent=26411"}],"wp:term":[{"taxonomy":"category","embeddable":true,"href":"https:\/\/cdnoticias.com\/index.php\/wp-json\/wp\/v2\/categories?post=26411"},{"taxonomy":"post_tag","embeddable":true,"href":"https:\/\/cdnoticias.com\/index.php\/wp-json\/wp\/v2\/tags?post=26411"}],"curies":[{"name":"wp","href":"https:\/\/api.w.org\/{rel}","templated":true}]}}