{"id":26403,"date":"2021-07-12T16:15:50","date_gmt":"2021-07-12T19:15:50","guid":{"rendered":"http:\/\/www.centraldenoticias.com.ar\/?p=26403"},"modified":"2021-07-12T17:48:28","modified_gmt":"2021-07-12T20:48:28","slug":"durante-la-primera-jornada-en-el-club-el-fortin-se-realizaron-75-hisopados","status":"publish","type":"post","link":"https:\/\/cdnoticias.com\/index.php\/2021\/07\/12\/durante-la-primera-jornada-en-el-club-el-fortin-se-realizaron-75-hisopados\/","title":{"rendered":"Durante la primera jornada en el club El Fort\u00edn, se realizaron 75 hisopados"},"content":{"rendered":"<p>El Centro Provincial de Testeos que funcionaba en la Sociedad de Fomento Hip\u00f3lito Yrigoyen se traslad\u00f3 a la instituci\u00f3n ubicada sobre avenida Urquiza. Del total de testeos, 39 dieron positivo.<!--more--><\/p>\n<hr \/>\n<p>El Centro Provincial de Testeo de Covid que funcionaba en la sociedad de Fomento Hip\u00f3lito Yrigoyen <a href=\"https:\/\/cdnoticias.com\/index.php\/2021\/07\/11\/el-centro-provincial-de-testeo-de-covid-se-traslada-al-club-el-fortin\/\" target=\"_blank\" rel=\"noopener\">se traslad\u00f3 al Club El Fort\u00edn<\/a> ubicado en avenida Urquiza 2980.<\/p>\n<p>&nbsp;<\/p>\n<p>Seg\u00fan se inform\u00f3, este lunes <strong>75 vecinos y vecinas se acercaron a testearse y 39 dieron positivo.<\/strong><\/p>\n<p>&nbsp;<\/p>\n<p>Desde Regi\u00f3n Sanitaria IX se record\u00f3 que todas las personas que tengan sintomatolog\u00eda compatible con Covid pueden acercarse<strong> de lunes a viernes en el horario de 8 a 12 y ser\u00e1n testeadas.<\/strong><\/p>\n<p>&nbsp;<\/p>\n<p>Adem\u00e1s, un dato a tener en cuenta es que este tipo de centros de testeo bonaerenses <strong>tambi\u00e9n realizan hisopados a personas asintom\u00e1ticas.<\/strong><\/p>\n<p>&nbsp;<\/p>\n","protected":false},"excerpt":{"rendered":"<p>El Centro Provincial de Testeos que funcionaba en la Sociedad de Fomento Hip\u00f3lito Yrigoyen se traslad\u00f3 a la instituci\u00f3n ubicada<\/p>\n","protected":false},"author":5,"featured_media":23430,"comment_status":"closed","ping_status":"closed","sticky":false,"template":"","format":"standard","meta":{"_jetpack_memberships_contains_paid_content":false,"footnotes":""},"categories":[16,1],"tags":[],"class_list":["post-26403","post","type-post","status-publish","format-standard","has-post-thumbnail","hentry","category-covid-19","category-portada"],"jetpack_featured_media_url":"https:\/\/i0.wp.com\/cdnoticias.com\/wp-content\/uploads\/2021\/06\/centro-de-testeos-2.jpeg?fit=1064%2C818&ssl=1","jetpack_sharing_enabled":true,"_links":{"self":[{"href":"https:\/\/cdnoticias.com\/index.php\/wp-json\/wp\/v2\/posts\/26403","targetHints":{"allow":["GET"]}}],"collection":[{"href":"https:\/\/cdnoticias.com\/index.php\/wp-json\/wp\/v2\/posts"}],"about":[{"href":"https:\/\/cdnoticias.com\/index.php\/wp-json\/wp\/v2\/types\/post"}],"author":[{"embeddable":true,"href":"https:\/\/cdnoticias.com\/index.php\/wp-json\/wp\/v2\/users\/5"}],"replies":[{"embeddable":true,"href":"https:\/\/cdnoticias.com\/index.php\/wp-json\/wp\/v2\/comments?post=26403"}],"version-history":[{"count":0,"href":"https:\/\/cdnoticias.com\/index.php\/wp-json\/wp\/v2\/posts\/26403\/revisions"}],"wp:featuredmedia":[{"embeddable":true,"href":"https:\/\/cdnoticias.com\/index.php\/wp-json\/wp\/v2\/media\/23430"}],"wp:attachment":[{"href":"https:\/\/cdnoticias.com\/index.php\/wp-json\/wp\/v2\/media?parent=26403"}],"wp:term":[{"taxonomy":"category","embeddable":true,"href":"https:\/\/cdnoticias.com\/index.php\/wp-json\/wp\/v2\/categories?post=26403"},{"taxonomy":"post_tag","embeddable":true,"href":"https:\/\/cdnoticias.com\/index.php\/wp-json\/wp\/v2\/tags?post=26403"}],"curies":[{"name":"wp","href":"https:\/\/api.w.org\/{rel}","templated":true}]}}