{"id":26397,"date":"2021-07-12T15:37:53","date_gmt":"2021-07-12T18:37:53","guid":{"rendered":"http:\/\/www.centraldenoticias.com.ar\/?p=26397"},"modified":"2021-07-12T15:37:53","modified_gmt":"2021-07-12T18:37:53","slug":"ernesto-carlos-fredes-negro-q-e-p-d","status":"publish","type":"post","link":"https:\/\/cdnoticias.com\/index.php\/2021\/07\/12\/ernesto-carlos-fredes-negro-q-e-p-d\/","title":{"rendered":"Ernesto Carlos Fredes \u201cNegro\u201d (Q.E.P.D.)"},"content":{"rendered":"<p>Falleci\u00f3 en Olavarr\u00eda el 12 de julio de 2021 a los 63 a\u00f1os. Su esposa Claudia Isabel P\u00e9rez; sus hijos Mauricio, Gast\u00f3n y Natalia; sus hijos Vanesa y Fernando; sus nietos Catalina, Isabella, Mateo, Ciro y Uma y dem\u00e1s deudos participan su fallecimiento.<\/p>\n<p>&nbsp;<\/p>\n<p>Sus restos seran velados en sala de Espa\u00f1a 2942 departamento &#8220;D&#8221;, comienza 7:30; y ser\u00e1n inhumados el martes 13 de julio a las 9:30 en el cementerio Loma de Paz. Vecino de Villa Magdalena.<\/p>\n","protected":false},"excerpt":{"rendered":"<p>Falleci\u00f3 en Olavarr\u00eda el 12 de julio de 2021 a los 63 a\u00f1os. Su esposa Claudia Isabel P\u00e9rez; sus hijos<\/p>\n","protected":false},"author":5,"featured_media":0,"comment_status":"closed","ping_status":"closed","sticky":false,"template":"","format":"standard","meta":{"_jetpack_memberships_contains_paid_content":false,"footnotes":""},"categories":[10],"tags":[],"class_list":["post-26397","post","type-post","status-publish","format-standard","hentry","category-necrologicas"],"jetpack_featured_media_url":"","jetpack_sharing_enabled":true,"_links":{"self":[{"href":"https:\/\/cdnoticias.com\/index.php\/wp-json\/wp\/v2\/posts\/26397","targetHints":{"allow":["GET"]}}],"collection":[{"href":"https:\/\/cdnoticias.com\/index.php\/wp-json\/wp\/v2\/posts"}],"about":[{"href":"https:\/\/cdnoticias.com\/index.php\/wp-json\/wp\/v2\/types\/post"}],"author":[{"embeddable":true,"href":"https:\/\/cdnoticias.com\/index.php\/wp-json\/wp\/v2\/users\/5"}],"replies":[{"embeddable":true,"href":"https:\/\/cdnoticias.com\/index.php\/wp-json\/wp\/v2\/comments?post=26397"}],"version-history":[{"count":0,"href":"https:\/\/cdnoticias.com\/index.php\/wp-json\/wp\/v2\/posts\/26397\/revisions"}],"wp:attachment":[{"href":"https:\/\/cdnoticias.com\/index.php\/wp-json\/wp\/v2\/media?parent=26397"}],"wp:term":[{"taxonomy":"category","embeddable":true,"href":"https:\/\/cdnoticias.com\/index.php\/wp-json\/wp\/v2\/categories?post=26397"},{"taxonomy":"post_tag","embeddable":true,"href":"https:\/\/cdnoticias.com\/index.php\/wp-json\/wp\/v2\/tags?post=26397"}],"curies":[{"name":"wp","href":"https:\/\/api.w.org\/{rel}","templated":true}]}}