{"id":26372,"date":"2021-07-12T11:14:28","date_gmt":"2021-07-12T14:14:28","guid":{"rendered":"http:\/\/www.centraldenoticias.com.ar\/?p=26372"},"modified":"2021-07-12T11:14:28","modified_gmt":"2021-07-12T14:14:28","slug":"habra-una-extension-progresiva-de-la-jornada-de-clases-presenciales","status":"publish","type":"post","link":"https:\/\/cdnoticias.com\/index.php\/2021\/07\/12\/habra-una-extension-progresiva-de-la-jornada-de-clases-presenciales\/","title":{"rendered":"Habr\u00e1 una \u201cextensi\u00f3n progresiva\u201d de la jornada de clases presenciales"},"content":{"rendered":"<p>Si bien comenzar\u00e1 desde este lunes, se efectivizar\u00e1 despu\u00e9s de las vacaciones de invierno. Tambi\u00e9n hubo visto bueno para Formaci\u00f3n Profesional y Adultos.\u00a0<!--more--><\/p>\n<hr \/>\n<p><strong>Las escuelas bonaerenses comenzar\u00e1n a partir de este lunes con un proceso de ampliaci\u00f3n progresiva de la jornada de clases presenciales<\/strong> (hasta ahora con un l\u00edmite de cuatro horas), mientras que tambi\u00e9n se habilitar\u00e1 la concurrencia a<strong> establecimientos de las modalidades de Formaci\u00f3n Profesional y Adultos.<\/strong><\/p>\n<p>&nbsp;<\/p>\n<blockquote><p>As\u00ed se lo comunic\u00f3 la Direcci\u00f3n General de Cultura y Educaci\u00f3n bonaerense a las jefaturas regionales, a los inspectores y a los equipos de conducci\u00f3n de las escuelas, seg\u00fan confirm\u00f3 la agencia de noticias DIB.<\/p><\/blockquote>\n<p>&nbsp;<\/p>\n<p>El mismo advierte que a partir de ma\u00f1ana se encuentran habilitados para<strong> retomar la presencialidad las modalidades de Formaci\u00f3n Profesional; Educaci\u00f3n F\u00edsica; J\u00f3venes, Adultos y Adultos Mayores; Educaci\u00f3n Art\u00edstica; y Psicolog\u00eda Comunitaria y Pedagog\u00eda Social; de los distritos que se encuentran en fase 3, 4 y 5.\u00a0\u00a0<\/strong><\/p>\n<p>&nbsp;<\/p>\n<p><em>\u201cTambi\u00e9n quedan habilitadas las pr\u00e1cticas docentes y profesionalizantes de las Instituciones de Educaci\u00f3n Superior Inicial Docente, T\u00e9cnica y Art\u00edstica, as\u00ed como aquellas actividades que requieren la presencialidad para la concreci\u00f3n de las propuestas espec\u00edficas\u201d<\/em>, detalla el documento interno.<\/p>\n<p>&nbsp;<\/p>\n<p>Asimismo, se\u00f1ala que <em>\u201ca partir del lunes 12 de julio se podr\u00e1 extender progresivamente la jornada escolar\u201d<\/em> con estricto cumplimiento de las medidas de cuidado establecidas en el Plan Jurisdiccional. Entre ellas, <em>\u201cel uso de tapabocas\u201d, \u201cla adecuada ventilaci\u00f3n de los ambientes\u201d, \u201cla distancia de 1,5 metros entre estudiantes y de 2 metros en relaci\u00f3n con su docente en las aulas\u201d <\/em>y el <em>\u201crespeto del agrupamiento de estudiantes\u201d.<\/em><\/p>\n<p>&nbsp;<\/p>\n<p>Desde la cartera educativa detallaron que <em>\u201clas medidas se avisan siempre con cierta anticipaci\u00f3n\u201d<\/em> para que las escuelas puedan prepararse. Las modalidades en cuesti\u00f3n <em>\u201cfueron habilitadas esta semana para que puedan ir prepar\u00e1ndose para retomar las actividades presenciales luego del receso escolar\u201d<\/em>, indicaron. O sea, despu\u00e9s del 30 de julio. Y agregaron: <em>\u201cLo mismo en el caso de las instituciones que cuentan con condiciones para extender la jornada escolar\u201d.<\/em><\/p>\n","protected":false},"excerpt":{"rendered":"<p>Si bien comenzar\u00e1 desde este lunes, se efectivizar\u00e1 despu\u00e9s de las vacaciones de invierno. Tambi\u00e9n hubo visto bueno para Formaci\u00f3n<\/p>\n","protected":false},"author":2,"featured_media":13519,"comment_status":"closed","ping_status":"closed","sticky":false,"template":"","format":"standard","meta":{"_jetpack_memberships_contains_paid_content":false,"footnotes":""},"categories":[6,1],"tags":[],"class_list":["post-26372","post","type-post","status-publish","format-standard","has-post-thumbnail","hentry","category-nacionales","category-portada"],"jetpack_featured_media_url":"https:\/\/i0.wp.com\/cdnoticias.com\/wp-content\/uploads\/2021\/02\/clases-presenciales-protocolos.jpg?fit=1120%2C630&ssl=1","jetpack_sharing_enabled":true,"_links":{"self":[{"href":"https:\/\/cdnoticias.com\/index.php\/wp-json\/wp\/v2\/posts\/26372","targetHints":{"allow":["GET"]}}],"collection":[{"href":"https:\/\/cdnoticias.com\/index.php\/wp-json\/wp\/v2\/posts"}],"about":[{"href":"https:\/\/cdnoticias.com\/index.php\/wp-json\/wp\/v2\/types\/post"}],"author":[{"embeddable":true,"href":"https:\/\/cdnoticias.com\/index.php\/wp-json\/wp\/v2\/users\/2"}],"replies":[{"embeddable":true,"href":"https:\/\/cdnoticias.com\/index.php\/wp-json\/wp\/v2\/comments?post=26372"}],"version-history":[{"count":0,"href":"https:\/\/cdnoticias.com\/index.php\/wp-json\/wp\/v2\/posts\/26372\/revisions"}],"wp:featuredmedia":[{"embeddable":true,"href":"https:\/\/cdnoticias.com\/index.php\/wp-json\/wp\/v2\/media\/13519"}],"wp:attachment":[{"href":"https:\/\/cdnoticias.com\/index.php\/wp-json\/wp\/v2\/media?parent=26372"}],"wp:term":[{"taxonomy":"category","embeddable":true,"href":"https:\/\/cdnoticias.com\/index.php\/wp-json\/wp\/v2\/categories?post=26372"},{"taxonomy":"post_tag","embeddable":true,"href":"https:\/\/cdnoticias.com\/index.php\/wp-json\/wp\/v2\/tags?post=26372"}],"curies":[{"name":"wp","href":"https:\/\/api.w.org\/{rel}","templated":true}]}}