{"id":2637,"date":"2020-09-28T08:47:45","date_gmt":"2020-09-28T11:47:45","guid":{"rendered":"http:\/\/www.centraldenoticias.com.ar\/?p=2637"},"modified":"2020-09-28T08:55:41","modified_gmt":"2020-09-28T11:55:41","slug":"este-lunes-los-comercios-estaran-cerrados-por-el-dia-del-empleado-de-comercio","status":"publish","type":"post","link":"https:\/\/cdnoticias.com\/index.php\/2020\/09\/28\/este-lunes-los-comercios-estaran-cerrados-por-el-dia-del-empleado-de-comercio\/","title":{"rendered":"Este lunes, los comercios estar\u00e1n cerrados por el \u201cD\u00eda del Empleado de Comercio\u201d"},"content":{"rendered":"<p>Si bien su d\u00eda fue el pasado s\u00e1bado, se acord\u00f3 trasladarlo a este lunes, donde los trabajadores podr\u00e1n descansar en conmemoraci\u00f3n a su d\u00eda. El CECO recuerda que en caso de abrir un negocio, ser\u00e1 solo por sus due\u00f1os o con pago doble.<!--more--><\/p>\n<hr \/>\n<p>Tras la decisi\u00f3n entre la Federaci\u00f3n Argentina de Empleados de Comercio y las C\u00e1maras empresariales,<strong> este lunes los comercios de Olavarr\u00eda estar\u00e1n cerrados por la conmemoraci\u00f3n del \u201cD\u00eda del Empleado de Comercio\u201d.<\/strong><\/p>\n<p>&nbsp;<\/p>\n<blockquote><p>De esta forma, los comercios pueden estar abiertos, pero deben ser atendidos por sus propios due\u00f1os: caso contrario, los empleados deber\u00e1n percibir beneficios por trabajar un d\u00eda feriado.<\/p><\/blockquote>\n<p>&nbsp;<\/p>\n<p>En Argentina el <strong>D\u00eda del Empleado de Comercio se celebra en conmemoraci\u00f3n a la Ley 11.729<\/strong>, norma que fuera sancionada en la misma fecha pero del a\u00f1o 1933 y modific\u00f3 art\u00edculos claves del C\u00f3digo de Comercio estableciendo las indemnizaciones por despido, las vacaciones anuales pagas, el aguinaldo y m\u00e1s derechos que marcaron un antes y un despu\u00e9s para los trabajadores del rubro.<\/p>\n<p>&nbsp;<\/p>\n<p><strong>Este feriado nacional incorporado al Convenio Colectivo de Trabajo 130\/75 en su art\u00edculo 76, se rige seg\u00fan las normas establecidas por la Ley de Contrato de Trabajo para el descanso dominical.<\/strong> Esto implica que en caso de prestar servicio las y los trabajadores deber\u00e1n percibir las horas extras al 100%, es decir, ese d\u00eda se abona doble.<\/p>\n<p>&nbsp;<\/p>\n<p>El CECO reflexion\u00f3 sobre el d\u00eda del empleado de comercio en este a\u00f1o particular <em>\u201cmarcado por la pandemia del COVID-19, donde se tom\u00f3 real dimensi\u00f3n del trabajo de los empleados y empleadas de comercio reconociendo su condici\u00f3n de &#8216;esenciales&#8217; para la sociedad, manteniendo sus actividades aun en las etapas m\u00e1s cerradas del sistema de fases del Aislamiento Social Preventivo y Obligatorio determinado por el gobierno nacional\u201d.<\/em><\/p>\n","protected":false},"excerpt":{"rendered":"<p>Si bien su d\u00eda fue el pasado s\u00e1bado, se acord\u00f3 trasladarlo a este lunes, donde los trabajadores podr\u00e1n descansar en<\/p>\n","protected":false},"author":2,"featured_media":2638,"comment_status":"closed","ping_status":"closed","sticky":false,"template":"","format":"standard","meta":{"_jetpack_memberships_contains_paid_content":false,"footnotes":""},"categories":[5,1],"tags":[],"class_list":["post-2637","post","type-post","status-publish","format-standard","has-post-thumbnail","hentry","category-informacion-general","category-portada"],"jetpack_featured_media_url":"https:\/\/i0.wp.com\/cdnoticias.com\/wp-content\/uploads\/2020\/09\/feriadoceco.jpg?fit=4152%2C2628&ssl=1","jetpack_sharing_enabled":true,"_links":{"self":[{"href":"https:\/\/cdnoticias.com\/index.php\/wp-json\/wp\/v2\/posts\/2637","targetHints":{"allow":["GET"]}}],"collection":[{"href":"https:\/\/cdnoticias.com\/index.php\/wp-json\/wp\/v2\/posts"}],"about":[{"href":"https:\/\/cdnoticias.com\/index.php\/wp-json\/wp\/v2\/types\/post"}],"author":[{"embeddable":true,"href":"https:\/\/cdnoticias.com\/index.php\/wp-json\/wp\/v2\/users\/2"}],"replies":[{"embeddable":true,"href":"https:\/\/cdnoticias.com\/index.php\/wp-json\/wp\/v2\/comments?post=2637"}],"version-history":[{"count":0,"href":"https:\/\/cdnoticias.com\/index.php\/wp-json\/wp\/v2\/posts\/2637\/revisions"}],"wp:featuredmedia":[{"embeddable":true,"href":"https:\/\/cdnoticias.com\/index.php\/wp-json\/wp\/v2\/media\/2638"}],"wp:attachment":[{"href":"https:\/\/cdnoticias.com\/index.php\/wp-json\/wp\/v2\/media?parent=2637"}],"wp:term":[{"taxonomy":"category","embeddable":true,"href":"https:\/\/cdnoticias.com\/index.php\/wp-json\/wp\/v2\/categories?post=2637"},{"taxonomy":"post_tag","embeddable":true,"href":"https:\/\/cdnoticias.com\/index.php\/wp-json\/wp\/v2\/tags?post=2637"}],"curies":[{"name":"wp","href":"https:\/\/api.w.org\/{rel}","templated":true}]}}