{"id":26356,"date":"2021-07-12T08:54:58","date_gmt":"2021-07-12T11:54:58","guid":{"rendered":"http:\/\/www.centraldenoticias.com.ar\/?p=26356"},"modified":"2021-07-12T09:55:34","modified_gmt":"2021-07-12T12:55:34","slug":"caida-acumulada-de-61-los-contagios-bajaron-por-septima-semana-consecutiva","status":"publish","type":"post","link":"https:\/\/cdnoticias.com\/index.php\/2021\/07\/12\/caida-acumulada-de-61-los-contagios-bajaron-por-septima-semana-consecutiva\/","title":{"rendered":"Ca\u00edda acumulada de 61%: los contagios bajaron por s\u00e9ptima semana consecutiva"},"content":{"rendered":"<p>Importante baja desde el pico de casos en la Provincia a mediados de mayo. Lo manifestaron el viceministro de Salud bonaerense, Nicol\u00e1s Kreplak y el jefe de Gabinete, Carlos Bianco.<!--more--><\/p>\n<hr \/>\n<p><strong>Los contagios de coronavirus descendieron por s\u00e9ptima semana consecutiva en la provincia de Buenos Aires, y acumulan una ca\u00edda del 61% respecto al \u00faltimo pico<\/strong>, seg\u00fan afirmaron el jefe de Gabinete bonaerense, Carlos Bianco, y el viceministro de Salud, Nicol\u00e1s Kreplak, que atribuyeron esta baja al avance del plan de vacunaci\u00f3n en el distrito.<\/p>\n<p>&nbsp;<\/p>\n<blockquote><p>\u201cS\u00e9ptima semana consecutiva de ca\u00edda de contagios en PBA, con un promedio diario de 4.717 casos: -21% respecto a la semana anterior y -61% respecto al pico de la segunda ola\u201d, escribi\u00f3 anoche Bianco en la red social Twitter.<\/p><\/blockquote>\n<p>&nbsp;<\/p>\n<p>El funcionario destac\u00f3 que se trata de un <strong>\u201c\u2018gol\u2019 de las medidas de cuidado y del plan de vacunaci\u00f3n m\u00e1s grande de la historia\u201d<\/strong> de la provincia de Buenos Aires.<\/p>\n<p>&nbsp;<\/p>\n<p>En el mensaje, a\u00f1adi\u00f3 un gr\u00e1fico que se\u00f1ala que en la semana del 17 al 23 de mayo los contagios ascendieron a 12.008; la siguiente bajaron a 10.973; y la posterior llegaron a 9.950.<\/p>\n<p>&nbsp;<\/p>\n<blockquote class=\"twitter-tweet\">\n<p dir=\"ltr\" lang=\"es\">S\u00e9ptima semana consecutiva de ca\u00edda de contagios en PBA, con un promedio diario de 4.717 casos: -21% respecto a la semana anterior y -61% respecto al pico de la segunda ola. Gol de las medidas de cuidado y del plan de vacunaci\u00f3n m\u00e1s grande de la historia de nuestra provincia. <a href=\"https:\/\/t.co\/HuZilRT7l8\">pic.twitter.com\/HuZilRT7l8<\/a><\/p>\n<p>\u2014 Carlos Bianco (@Carli_Bianco) <a href=\"https:\/\/twitter.com\/Carli_Bianco\/status\/1414402267080503300?ref_src=twsrc%5Etfw\">July 12, 2021<\/a><\/p><\/blockquote>\n<p><script async src=\"https:\/\/platform.twitter.com\/widgets.js\" charset=\"utf-8\"><\/script><br \/>\nLa semana del 7 al 13 de junio, los casos de coronavirus bajaron a 8.294; la siguiente se ubicaron en 7.016; luego fueron 6.314; posteriormente descendieron hasta 5.965 y la \u00faltima fueron 4.717.<\/p>\n<p>&nbsp;<\/p>\n<p>En tanto, Kreplak expuso en la misma red social que \u201clos casos siguen bajando\u201d y que, por <strong>primera vez se ubicaron por debajo del pico del 2020.<\/strong><\/p>\n<p>&nbsp;<\/p>\n<p>\u201cEl esfuerzo que estamos haciendo como pueblo para sostener los cuidados y acelerar la vacunaci\u00f3n da resultados, por eso no hay que relajarse\u201d, continu\u00f3 el viceministro y evalu\u00f3: \u201cPodemos m\u00e1s, no aflojemos\u201d.<\/p>\n<p>&nbsp;<\/p>\n<p><img data-recalc-dims=\"1\" loading=\"lazy\" decoding=\"async\" class=\"aligncenter wp-image-22555\" src=\"https:\/\/i0.wp.com\/cdnoticias.com\/wp-content\/uploads\/2021\/05\/vacunate-placa.jpg?resize=600%2C338&#038;ssl=1\" alt=\"\" width=\"600\" height=\"338\" srcset=\"https:\/\/i0.wp.com\/cdnoticias.com\/wp-content\/uploads\/2021\/05\/vacunate-placa.jpg?resize=1024%2C576&amp;ssl=1 1024w, https:\/\/i0.wp.com\/cdnoticias.com\/wp-content\/uploads\/2021\/05\/vacunate-placa.jpg?resize=300%2C169&amp;ssl=1 300w, https:\/\/i0.wp.com\/cdnoticias.com\/wp-content\/uploads\/2021\/05\/vacunate-placa.jpg?resize=768%2C432&amp;ssl=1 768w, https:\/\/i0.wp.com\/cdnoticias.com\/wp-content\/uploads\/2021\/05\/vacunate-placa.jpg?w=1920&amp;ssl=1 1920w, https:\/\/i0.wp.com\/cdnoticias.com\/wp-content\/uploads\/2021\/05\/vacunate-placa.jpg?w=1600&amp;ssl=1 1600w\" sizes=\"auto, (max-width: 600px) 100vw, 600px\" \/><\/p>\n<p>&nbsp;<\/p>\n<p>Las autoridades de la provincia de Buenos Aires recordaron que todas las personas mayores de 18 a\u00f1os pueden inscribirse en <strong>https:\/\/vacunatepba.gba.gob.ar\/<\/strong> para recibir la <strong>vacuna contra la Covid-19<\/strong>.<\/p>\n<p>&nbsp;<\/p>\n<p>En tanto, los mayores de 40 a\u00f1os, trabajadores de la salud, la educaci\u00f3n y las fuerzas de seguridad, mayores de 18 a\u00f1os con comorbilidades y embarazadas cuentan con la posibilidad de acceder a la denominada \u201cvacunaci\u00f3n libre\u201d.<\/p>\n<p>&nbsp;<\/p>\n<p>Ese grupo priorizado puede dirigirse sin turno a cualquiera de los 400 puntos en donde se aplican la inmunizaci\u00f3n contra el coronavirus s\u00f3lo con DNI que acredite domicilio en la provincia y recibir su primera dosis.<\/p>\n<p>&nbsp;<\/p>\n<p>Fuente:<em> Agencia DIB<\/em><\/p>\n","protected":false},"excerpt":{"rendered":"<p>Importante baja desde el pico de casos en la Provincia a mediados de mayo. Lo manifestaron el viceministro de Salud<\/p>\n","protected":false},"author":4,"featured_media":26357,"comment_status":"closed","ping_status":"closed","sticky":false,"template":"","format":"standard","meta":{"_jetpack_memberships_contains_paid_content":false,"footnotes":""},"categories":[6,1],"tags":[],"class_list":["post-26356","post","type-post","status-publish","format-standard","has-post-thumbnail","hentry","category-nacionales","category-portada"],"jetpack_featured_media_url":"https:\/\/i0.wp.com\/cdnoticias.com\/wp-content\/uploads\/2021\/07\/DIB-contagios-696x463.jpg?fit=696%2C463&ssl=1","jetpack_sharing_enabled":true,"_links":{"self":[{"href":"https:\/\/cdnoticias.com\/index.php\/wp-json\/wp\/v2\/posts\/26356","targetHints":{"allow":["GET"]}}],"collection":[{"href":"https:\/\/cdnoticias.com\/index.php\/wp-json\/wp\/v2\/posts"}],"about":[{"href":"https:\/\/cdnoticias.com\/index.php\/wp-json\/wp\/v2\/types\/post"}],"author":[{"embeddable":true,"href":"https:\/\/cdnoticias.com\/index.php\/wp-json\/wp\/v2\/users\/4"}],"replies":[{"embeddable":true,"href":"https:\/\/cdnoticias.com\/index.php\/wp-json\/wp\/v2\/comments?post=26356"}],"version-history":[{"count":0,"href":"https:\/\/cdnoticias.com\/index.php\/wp-json\/wp\/v2\/posts\/26356\/revisions"}],"wp:featuredmedia":[{"embeddable":true,"href":"https:\/\/cdnoticias.com\/index.php\/wp-json\/wp\/v2\/media\/26357"}],"wp:attachment":[{"href":"https:\/\/cdnoticias.com\/index.php\/wp-json\/wp\/v2\/media?parent=26356"}],"wp:term":[{"taxonomy":"category","embeddable":true,"href":"https:\/\/cdnoticias.com\/index.php\/wp-json\/wp\/v2\/categories?post=26356"},{"taxonomy":"post_tag","embeddable":true,"href":"https:\/\/cdnoticias.com\/index.php\/wp-json\/wp\/v2\/tags?post=26356"}],"curies":[{"name":"wp","href":"https:\/\/api.w.org\/{rel}","templated":true}]}}