{"id":26354,"date":"2021-07-12T08:17:38","date_gmt":"2021-07-12T11:17:38","guid":{"rendered":"http:\/\/www.centraldenoticias.com.ar\/?p=26354"},"modified":"2021-07-12T08:17:38","modified_gmt":"2021-07-12T11:17:38","slug":"benjamin-jose-avila-q-e-p-d","status":"publish","type":"post","link":"https:\/\/cdnoticias.com\/index.php\/2021\/07\/12\/benjamin-jose-avila-q-e-p-d\/","title":{"rendered":"Benjam\u00edn Jos\u00e9 Avila (Q.E.P.D.)"},"content":{"rendered":"<p>Falleci\u00f3 en Olavarr\u00eda el d\u00eda 11 de julio de 2021 a los 92 a\u00f1os de edad.<\/p>\n<p>&nbsp;<\/p>\n<p>Sus hijos: Karina, Nazarena, Patricia y Gast\u00f3n; sus hijos pol\u00edticos: Daniel Mart\u00edn, Alberto Leiva, Fabio Gait\u00e1n y Edith Soria; sus nietos: Benjam\u00edn, Luj\u00e1n, Anah\u00ed, Alexis, Claudia, Denise, Yamila, Horacio, Mario, Humberto, Marilina, H\u00e9ctor, Emanuel, Alan, Kevin y dem\u00e1s deudos participan su fallecimiento.<\/p>\n<p>&nbsp;<\/p>\n<p>Velatorio: Espa\u00f1a 2942, Departamento &#8220;B&#8221;, lunes 12 de 8:30 a 10:30 hs. Sin responso. Inhumaci\u00f3n: Cementerio Loma de Paz, lunes 12 a las 10:30 hs. Servicio adherido a Coopelectric.<\/p>\n<p>&nbsp;<\/p>\n<p>Barrio en el que viv\u00eda: Sarmiento Norte<\/p>\n<p>&nbsp;<\/p>\n<p>Lugar de nacimiento: Laprida<\/p>\n<p>&nbsp;<\/p>\n<p>Actividad que desarrollaba: Jubilado<\/p>\n","protected":false},"excerpt":{"rendered":"<p>Falleci\u00f3 en Olavarr\u00eda el d\u00eda 11 de julio de 2021 a los 92 a\u00f1os de edad. &nbsp; Sus hijos: Karina,<\/p>\n","protected":false},"author":4,"featured_media":0,"comment_status":"closed","ping_status":"closed","sticky":false,"template":"","format":"standard","meta":{"_jetpack_memberships_contains_paid_content":false,"footnotes":""},"categories":[10],"tags":[],"class_list":["post-26354","post","type-post","status-publish","format-standard","hentry","category-necrologicas"],"jetpack_featured_media_url":"","jetpack_sharing_enabled":true,"_links":{"self":[{"href":"https:\/\/cdnoticias.com\/index.php\/wp-json\/wp\/v2\/posts\/26354","targetHints":{"allow":["GET"]}}],"collection":[{"href":"https:\/\/cdnoticias.com\/index.php\/wp-json\/wp\/v2\/posts"}],"about":[{"href":"https:\/\/cdnoticias.com\/index.php\/wp-json\/wp\/v2\/types\/post"}],"author":[{"embeddable":true,"href":"https:\/\/cdnoticias.com\/index.php\/wp-json\/wp\/v2\/users\/4"}],"replies":[{"embeddable":true,"href":"https:\/\/cdnoticias.com\/index.php\/wp-json\/wp\/v2\/comments?post=26354"}],"version-history":[{"count":0,"href":"https:\/\/cdnoticias.com\/index.php\/wp-json\/wp\/v2\/posts\/26354\/revisions"}],"wp:attachment":[{"href":"https:\/\/cdnoticias.com\/index.php\/wp-json\/wp\/v2\/media?parent=26354"}],"wp:term":[{"taxonomy":"category","embeddable":true,"href":"https:\/\/cdnoticias.com\/index.php\/wp-json\/wp\/v2\/categories?post=26354"},{"taxonomy":"post_tag","embeddable":true,"href":"https:\/\/cdnoticias.com\/index.php\/wp-json\/wp\/v2\/tags?post=26354"}],"curies":[{"name":"wp","href":"https:\/\/api.w.org\/{rel}","templated":true}]}}