{"id":26339,"date":"2021-07-11T19:02:11","date_gmt":"2021-07-11T22:02:11","guid":{"rendered":"http:\/\/www.centraldenoticias.com.ar\/?p=26339"},"modified":"2021-07-11T19:14:21","modified_gmt":"2021-07-11T22:14:21","slug":"el-centro-provincial-de-testeo-de-covid-se-traslada-al-club-el-fortin","status":"publish","type":"post","link":"https:\/\/cdnoticias.com\/index.php\/2021\/07\/11\/el-centro-provincial-de-testeo-de-covid-se-traslada-al-club-el-fortin\/","title":{"rendered":"El Centro Provincial de Testeo de Covid se traslada al club El Fort\u00edn"},"content":{"rendered":"<p>As\u00ed fue confirmado este domingo desde Regi\u00f3n Sanitaria IX. De esta forma, dejar\u00e1 de funcionar en la Sociedad de Fomento Hip\u00f3lito Yrigoyen.\u00a0<!--more--><\/p>\n<hr \/>\n<p>El <strong>Centro Provincial de Testeo de Covid que funcionaba en la sociedad de Fomento Hip\u00f3lito Yrigoyen a partir de este lunes se muda al Club El Fort\u00edn ubicado en Av. Urquiza 2980.<\/strong><\/p>\n<p>&nbsp;<\/p>\n<blockquote><p>Se record\u00f3 que todas las personas que tengan sintomatolog\u00eda compatible con Covid podr\u00e1n acercarse de lunes a viernes en el horario de 8 a 12 y ser\u00e1n testeadas.<\/p><\/blockquote>\n<p>&nbsp;<\/p>\n<p>Un dato a tener en cuenta es que<strong> este tipo de centros de testeo bonaerenses tambi\u00e9n realizan hisopados a personas asintom\u00e1ticas.<\/strong><\/p>\n<p>&nbsp;<\/p>\n<p>El objetivo de estos Centros es <strong>acercar las herramientas de cuidados y prevenci\u00f3n que el Ministerio de Salud de la Provincia de Buenos Aires<\/strong> le brinda a los y las bonaerenses.<\/p>\n","protected":false},"excerpt":{"rendered":"<p>As\u00ed fue confirmado este domingo desde Regi\u00f3n Sanitaria IX. De esta forma, dejar\u00e1 de funcionar en la Sociedad de Fomento<\/p>\n","protected":false},"author":2,"featured_media":26340,"comment_status":"closed","ping_status":"closed","sticky":false,"template":"","format":"standard","meta":{"_jetpack_memberships_contains_paid_content":false,"footnotes":""},"categories":[16,1],"tags":[],"class_list":["post-26339","post","type-post","status-publish","format-standard","has-post-thumbnail","hentry","category-covid-19","category-portada"],"jetpack_featured_media_url":"https:\/\/i0.wp.com\/cdnoticias.com\/wp-content\/uploads\/2021\/07\/WhatsApp-Image-2021-07-11-at-18.33.07.jpeg?fit=1280%2C816&ssl=1","jetpack_sharing_enabled":true,"_links":{"self":[{"href":"https:\/\/cdnoticias.com\/index.php\/wp-json\/wp\/v2\/posts\/26339","targetHints":{"allow":["GET"]}}],"collection":[{"href":"https:\/\/cdnoticias.com\/index.php\/wp-json\/wp\/v2\/posts"}],"about":[{"href":"https:\/\/cdnoticias.com\/index.php\/wp-json\/wp\/v2\/types\/post"}],"author":[{"embeddable":true,"href":"https:\/\/cdnoticias.com\/index.php\/wp-json\/wp\/v2\/users\/2"}],"replies":[{"embeddable":true,"href":"https:\/\/cdnoticias.com\/index.php\/wp-json\/wp\/v2\/comments?post=26339"}],"version-history":[{"count":0,"href":"https:\/\/cdnoticias.com\/index.php\/wp-json\/wp\/v2\/posts\/26339\/revisions"}],"wp:featuredmedia":[{"embeddable":true,"href":"https:\/\/cdnoticias.com\/index.php\/wp-json\/wp\/v2\/media\/26340"}],"wp:attachment":[{"href":"https:\/\/cdnoticias.com\/index.php\/wp-json\/wp\/v2\/media?parent=26339"}],"wp:term":[{"taxonomy":"category","embeddable":true,"href":"https:\/\/cdnoticias.com\/index.php\/wp-json\/wp\/v2\/categories?post=26339"},{"taxonomy":"post_tag","embeddable":true,"href":"https:\/\/cdnoticias.com\/index.php\/wp-json\/wp\/v2\/tags?post=26339"}],"curies":[{"name":"wp","href":"https:\/\/api.w.org\/{rel}","templated":true}]}}