{"id":26337,"date":"2021-07-11T17:53:25","date_gmt":"2021-07-11T20:53:25","guid":{"rendered":"http:\/\/www.centraldenoticias.com.ar\/?p=26337"},"modified":"2021-07-11T17:53:25","modified_gmt":"2021-07-11T20:53:25","slug":"tras-los-festejos-el-ministro-de-salud-provincial-expreso-preocupacion-por-la-pandemia","status":"publish","type":"post","link":"https:\/\/cdnoticias.com\/index.php\/2021\/07\/11\/tras-los-festejos-el-ministro-de-salud-provincial-expreso-preocupacion-por-la-pandemia\/","title":{"rendered":"Tras los festejos, el ministro de Salud provincial expres\u00f3 \u201cpreocupaci\u00f3n\u201d por la pandemia"},"content":{"rendered":"<p>Si bien se indic\u00f3 que \u201ces muy dif\u00edcil\u201d controlar este tipo de manifestaciones, Daniel Goll\u00e1n dej\u00f3 en claro que \u201cno son im\u00e1genes que nos gustan desde el punto de vista sanitario\u201d.<!--more--><\/p>\n<hr \/>\n<p>El<strong> ministro de Salud bonaerense, Daniel Gollan, se mostr\u00f3 preocupado este domingo por los festejos en todo el pa\u00eds tras la consagraci\u00f3n en la Copa Am\u00e9rica<\/strong> al se\u00f1alar que <em>\u201cno son im\u00e1genes que nos gustan desde el punto de vista sanitario\u201d.<\/em><\/p>\n<p>&nbsp;<\/p>\n<p>Con caravanas y concentraciones, <strong>hinchas de todo el pa\u00eds celebraron ayer la consagraci\u00f3n de la selecci\u00f3n de f\u00fatbol en la victoria por 1 a 0 ante Brasil en el Maracan\u00e1.<\/strong> <a href=\"https:\/\/cdnoticias.com\/index.php\/2021\/07\/11\/nuestro-maracanazo-olavarria-festejo-la-obtencion-de-la-copa-america\/\" target=\"_blank\" rel=\"noopener\">En Olavarr\u00eda, incluso, miles de vecinos se concentraron en la zona c\u00e9ntrica de la ciudad para festejar.<\/a><\/p>\n<p>&nbsp;<\/p>\n<p>El titular de la cartera sanitaria provincial expres\u00f3 hoy su temor por los festejos. <em>\u201cSi no tuvi\u00e9ramos pandemia, son im\u00e1genes hermosas; pero en pandemia y con los casos a la baja como estamos teniendo, y con el avance de la vacunaci\u00f3n, desear\u00edamos evitar este tipo de cosas\u201d<\/em>, se\u00f1al\u00f3 en di\u00e1logo con Radio Rivadavia.<\/p>\n<p>&nbsp;<\/p>\n<p>De cualquier manera, Gollan indic\u00f3 que <strong><em>\u201ces muy dif\u00edcil\u201d<\/em> controlar este tipo de manifestaciones<\/strong>, se refiri\u00f3 a la situaci\u00f3n complicada que atraviesa la sociedad <em>\u201ccon mucha tensi\u00f3n, angustia y frustraciones\u201d<\/em> por el avance del coronavirus y a <em>\u201cla pasi\u00f3n que genera la Selecci\u00f3n\u201d.<\/em><\/p>\n<p>&nbsp;<\/p>\n<p>Por otro lado, a una semana para el comienzo de las vacaciones de invierno, <strong>el ministro record\u00f3 que no hay prohibici\u00f3n vigente para que los bonaerenses se trasladen de ciudades, aunque recomend\u00f3 \u201cno salir de vacaciones\u201d.<\/strong><\/p>\n<p>&nbsp;<\/p>\n<p>En tanto<strong>, se mostr\u00f3 m\u00e1s esperanzado de cara a los meses de calor.<\/strong> Consider\u00f3 que el 80% de la poblaci\u00f3n estar\u00e1 vacunada con al menos una dosis para mediados o fines de septiembre. <strong><em>\u201cEl verano, si no aparecen cosas raras, va a ser una necesidad de desahogo de la gente\u201d<\/em><\/strong>, coment\u00f3.<\/p>\n","protected":false},"excerpt":{"rendered":"<p>Si bien se indic\u00f3 que \u201ces muy dif\u00edcil\u201d controlar este tipo de manifestaciones, Daniel Goll\u00e1n dej\u00f3 en claro que \u201cno<\/p>\n","protected":false},"author":2,"featured_media":25911,"comment_status":"closed","ping_status":"closed","sticky":false,"template":"","format":"standard","meta":{"_jetpack_memberships_contains_paid_content":false,"footnotes":""},"categories":[6,1],"tags":[],"class_list":["post-26337","post","type-post","status-publish","format-standard","has-post-thumbnail","hentry","category-nacionales","category-portada"],"jetpack_featured_media_url":"https:\/\/i0.wp.com\/cdnoticias.com\/wp-content\/uploads\/2021\/07\/conferencia-gollan-00.jpg?fit=706%2C392&ssl=1","jetpack_sharing_enabled":true,"_links":{"self":[{"href":"https:\/\/cdnoticias.com\/index.php\/wp-json\/wp\/v2\/posts\/26337","targetHints":{"allow":["GET"]}}],"collection":[{"href":"https:\/\/cdnoticias.com\/index.php\/wp-json\/wp\/v2\/posts"}],"about":[{"href":"https:\/\/cdnoticias.com\/index.php\/wp-json\/wp\/v2\/types\/post"}],"author":[{"embeddable":true,"href":"https:\/\/cdnoticias.com\/index.php\/wp-json\/wp\/v2\/users\/2"}],"replies":[{"embeddable":true,"href":"https:\/\/cdnoticias.com\/index.php\/wp-json\/wp\/v2\/comments?post=26337"}],"version-history":[{"count":0,"href":"https:\/\/cdnoticias.com\/index.php\/wp-json\/wp\/v2\/posts\/26337\/revisions"}],"wp:featuredmedia":[{"embeddable":true,"href":"https:\/\/cdnoticias.com\/index.php\/wp-json\/wp\/v2\/media\/25911"}],"wp:attachment":[{"href":"https:\/\/cdnoticias.com\/index.php\/wp-json\/wp\/v2\/media?parent=26337"}],"wp:term":[{"taxonomy":"category","embeddable":true,"href":"https:\/\/cdnoticias.com\/index.php\/wp-json\/wp\/v2\/categories?post=26337"},{"taxonomy":"post_tag","embeddable":true,"href":"https:\/\/cdnoticias.com\/index.php\/wp-json\/wp\/v2\/tags?post=26337"}],"curies":[{"name":"wp","href":"https:\/\/api.w.org\/{rel}","templated":true}]}}