{"id":26327,"date":"2021-07-11T12:26:00","date_gmt":"2021-07-11T15:26:00","guid":{"rendered":"http:\/\/www.centraldenoticias.com.ar\/?p=26327"},"modified":"2021-07-11T13:36:03","modified_gmt":"2021-07-11T16:36:03","slug":"todo-listo-para-las-vacaciones-de-invierno-en-olavarria-con-propuestas-para-distintas-edades","status":"publish","type":"post","link":"https:\/\/cdnoticias.com\/index.php\/2021\/07\/11\/todo-listo-para-las-vacaciones-de-invierno-en-olavarria-con-propuestas-para-distintas-edades\/","title":{"rendered":"Todo listo para las vacaciones de invierno en Olavarr\u00eda con propuestas para distintas edades"},"content":{"rendered":"<p>Desde el Municipio se planificaron distintas actividades presenciales para realizar en la ciudad y las localidades. La iniciativa incluye m\u00fasica, danza, teatro, talleres y exposiciones entre otras.\u00a0<!--more--><\/p>\n<hr \/>\n<p>Desde la Subsecretar\u00eda de Cultura y Educaci\u00f3n se trabaj\u00f3 en un cronograma diverso y completo que contempla los <strong>distintos espacios culturales de la ciudad y las localidades.<\/strong> Este a\u00f1o, se podr\u00e1n realizar actividades presenciales, pero en todos los casos <strong>se respetar\u00e1n los aforos y protocolos correspondientes.<\/strong><\/p>\n<p>&nbsp;<\/p>\n<p>Al respecto, la <strong>subsecretaria de Cultura y Educaci\u00f3n Agustina Marino<\/strong> resalt\u00f3 que:<em> \u201chemos logrado conformar una agenda bastante diversa de actividades para que todos puedan acercarse y disfrutar de nuestros espacios culturales. Sabemos de la importancia que tiene, tanto para nosotros como para la comunidad, el poder realizar actividades presenciales y queremos aprovechar este tiempo lo mejor posible\u201d.<\/em><\/p>\n<p>&nbsp;<\/p>\n<p><em>\u201cSe elaboraron diferentes propuestas vinculadas a <strong>m\u00fasica, danza, teatro, ajedrez, exposiciones, talleres, actividades educativas y recreativas.<\/strong> Un trabajo en conjunto con todas las \u00e1reas que integran la Subsecretar\u00eda de Cultura y Educaci\u00f3n, la Subsecretar\u00eda de Deportes, la Subsecretar\u00eda de Derecho, Igualdad y Oportunidades y la Subsecretar\u00eda de Desarrollo Social&#8221;<\/em>, indic\u00f3.<\/p>\n<p>&nbsp;<\/p>\n<p><em>\u201cLes pedimos a todos que tengan en cuenta que <strong>vamos a estar trabajando con muchos recaudos y con capacidad limitadas,<\/strong> por eso apelamos a que se comuniquen e informen sobre cada propuesta con anterioridad y as\u00ed podamos, todos juntos, disfrutar de estas vacaciones tan esperadas\u201d<\/em>, remarc\u00f3 Agustina Marino.<\/p>\n<p>&nbsp;<\/p>\n<p>El cronograma comprende actividades en el <strong>Museo D\u00e1maso Arce, el Centro Cultural Municipal \u201cSan Jos\u00e9\u201d, los Museos Municipales de los Pueblos, el Teatro Municipal, la Casa del Bicentenario, el Museo de Ciencias, el Bioparque Municipal \u201cLa M\u00e1xima\u201d y el Museo Municipal Hermanos Emiliozzi<\/strong>, donde habr\u00e1 muestras, talleres, actividades recreativas, t\u00edteres y cine.<\/p>\n<p>&nbsp;<\/p>\n<p>El cronograma completo de actividades haciendo<a href=\"https:\/\/www.olavarria.gov.ar\/vacaciones-de-invierno-2021\/\" target=\"_blank\" rel=\"noopener\"> click aqu\u00ed.<\/a><\/p>\n","protected":false},"excerpt":{"rendered":"<p>Desde el Municipio se planificaron distintas actividades presenciales para realizar en la ciudad y las localidades. La iniciativa incluye m\u00fasica,<\/p>\n","protected":false},"author":5,"featured_media":13429,"comment_status":"closed","ping_status":"closed","sticky":false,"template":"","format":"standard","meta":{"_jetpack_memberships_contains_paid_content":false,"footnotes":""},"categories":[9,1],"tags":[],"class_list":["post-26327","post","type-post","status-publish","format-standard","has-post-thumbnail","hentry","category-cultura","category-portada"],"jetpack_featured_media_url":"https:\/\/i0.wp.com\/cdnoticias.com\/wp-content\/uploads\/2021\/02\/Centro-Cultural-san-jos%C3%A9-1024x682.jpg?fit=1024%2C682&ssl=1","jetpack_sharing_enabled":true,"_links":{"self":[{"href":"https:\/\/cdnoticias.com\/index.php\/wp-json\/wp\/v2\/posts\/26327","targetHints":{"allow":["GET"]}}],"collection":[{"href":"https:\/\/cdnoticias.com\/index.php\/wp-json\/wp\/v2\/posts"}],"about":[{"href":"https:\/\/cdnoticias.com\/index.php\/wp-json\/wp\/v2\/types\/post"}],"author":[{"embeddable":true,"href":"https:\/\/cdnoticias.com\/index.php\/wp-json\/wp\/v2\/users\/5"}],"replies":[{"embeddable":true,"href":"https:\/\/cdnoticias.com\/index.php\/wp-json\/wp\/v2\/comments?post=26327"}],"version-history":[{"count":0,"href":"https:\/\/cdnoticias.com\/index.php\/wp-json\/wp\/v2\/posts\/26327\/revisions"}],"wp:featuredmedia":[{"embeddable":true,"href":"https:\/\/cdnoticias.com\/index.php\/wp-json\/wp\/v2\/media\/13429"}],"wp:attachment":[{"href":"https:\/\/cdnoticias.com\/index.php\/wp-json\/wp\/v2\/media?parent=26327"}],"wp:term":[{"taxonomy":"category","embeddable":true,"href":"https:\/\/cdnoticias.com\/index.php\/wp-json\/wp\/v2\/categories?post=26327"},{"taxonomy":"post_tag","embeddable":true,"href":"https:\/\/cdnoticias.com\/index.php\/wp-json\/wp\/v2\/tags?post=26327"}],"curies":[{"name":"wp","href":"https:\/\/api.w.org\/{rel}","templated":true}]}}