{"id":26320,"date":"2021-07-11T13:35:34","date_gmt":"2021-07-11T16:35:34","guid":{"rendered":"http:\/\/www.centraldenoticias.com.ar\/?p=26320"},"modified":"2021-07-11T17:05:21","modified_gmt":"2021-07-11T20:05:21","slug":"el-escenario-de-las-paso-en-olavarria-ya-tiene-nombres-y-toma-forma","status":"publish","type":"post","link":"https:\/\/cdnoticias.com\/index.php\/2021\/07\/11\/el-escenario-de-las-paso-en-olavarria-ya-tiene-nombres-y-toma-forma\/","title":{"rendered":"El escenario de las PASO en Olavarr\u00eda ya tiene nombres y toma forma"},"content":{"rendered":"<p>Los nombres que consultaron en encuestas locales. Las claves que se disputar\u00e1n en campa\u00f1a. Massa y Rodr\u00edguez, la foto de la consolidaci\u00f3n. Galli y la paz con los vidalistas.\u00a0<!--more--><\/p>\n<hr \/>\n<p><em>Extracto del newsletter Volver a las Fuentes,\u00a0donde se\u00a0puede <a href=\"https:\/\/us17.campaign-archive.com\/?u=cba2a41506a8e26d100c3f0f8&amp;id=4af991768d\" target=\"_blank\" rel=\"noopener\">acceder y suscribir ac\u00e1.\u00a0<\/a><\/em><strong>Por Alexis Grierson y Josefina Bargas.<\/strong><\/p>\n<p>&nbsp;<\/p>\n<p><span style=\"text-decoration: underline;\"><b>Entre encuestas locales y amigos<\/b><\/span><\/p>\n<p>&nbsp;<\/p>\n<p><span style=\"font-weight: 400;\"><strong>Gran pol\u00e9mica gener\u00f3 el encuesta-gate de Volver a las Fuentes.<\/strong> Que algunos amigos no los miden, que Santilli y Jorge Macri no aparecen en los sondeos de opini\u00f3n&#8230;pues bien, resulta que s\u00ed, que un amigo de la casa, el <strong>consultor pol\u00edtico Luis Mosquera<\/strong>, tiene en los radares a los dos dirigentes de Juntos por el Cambio que por ahora -y solo por ahora- se enfrentar\u00edan en una PASO. Triple, porque habr\u00eda que sumar a Facundo Manes, del radicalismo.<\/span><\/p>\n<p>&nbsp;<\/p>\n<p><span style=\"font-weight: 400;\">Lo concreto es que las encuestas que gentilmente acerc\u00f3 a este humilde newsletter y m\u00e1s all\u00e1 de las im\u00e1genes y las intenciones de voto, tienen algunos datos a tener en cuenta: por lejos,<strong> el tema que estar\u00e1 en discusi\u00f3n durante la campa\u00f1a es la econom\u00eda, seguido por la pandemia.\u00a0<\/strong><\/span><\/p>\n<p>&nbsp;<\/p>\n<blockquote><p><span style=\"font-weight: 400;\">Las dos habr\u00e1 que verlas con distintas caras: algunos har\u00e1n una evaluaci\u00f3n positiva de la pandemia dado el contexto de vacunaci\u00f3n, por un lado, y por el otro que al momento del cierre de listas probablemente se alcancen los 100 mil fallecidos por COVID.\u00a0<\/span><\/p><\/blockquote>\n<p>&nbsp;<\/p>\n<p><span style=\"font-weight: 400;\"><strong>El tema econ\u00f3mico es m\u00e1s complejo, pero con la misma l\u00f3gica<\/strong>: algunos culpar\u00e1n -entendiblemente- a la pandemia y otros al mal manejo del gobierno nacional. El resultado es el mismo, desde ya.\u00a0<\/span><\/p>\n<p>&nbsp;<\/p>\n<p><span style=\"font-weight: 400;\">En paralelo,<strong> hubo una encuesta local que puso a todos en alerta<\/strong> (m\u00e1s en este contexto de cierre de listas, que ser\u00e1 en dos semanas) pero no hubo grandes sorpresas en torno a los nombres que suenan: desde Hilario Galli y Bruno Cenizo, pasando por Maximiliano Wesner, Liliana Schwint, Federico Aguilera, Andrea Coronel, y Yessica Almeida, entre lo m\u00e1s destacado.<strong> \u00bfLa sorpresa? Jos\u00e9 Eseverri aparece en la medici\u00f3n como \u201cposible candidato a concejal\u201d.<\/strong><\/span><\/p>\n<p>&nbsp;<\/p>\n<p><img data-recalc-dims=\"1\" loading=\"lazy\" decoding=\"async\" class=\"alignnone size-full wp-image-15458\" src=\"https:\/\/i0.wp.com\/cdnoticias.com\/wp-content\/uploads\/2021\/03\/inauguracion-sesiones-hcd-cdn5.jpg?resize=800%2C533&#038;ssl=1\" alt=\"\" width=\"800\" height=\"533\" srcset=\"https:\/\/i0.wp.com\/cdnoticias.com\/wp-content\/uploads\/2021\/03\/inauguracion-sesiones-hcd-cdn5.jpg?w=4608&amp;ssl=1 4608w, https:\/\/i0.wp.com\/cdnoticias.com\/wp-content\/uploads\/2021\/03\/inauguracion-sesiones-hcd-cdn5.jpg?resize=300%2C200&amp;ssl=1 300w, https:\/\/i0.wp.com\/cdnoticias.com\/wp-content\/uploads\/2021\/03\/inauguracion-sesiones-hcd-cdn5.jpg?resize=768%2C512&amp;ssl=1 768w, https:\/\/i0.wp.com\/cdnoticias.com\/wp-content\/uploads\/2021\/03\/inauguracion-sesiones-hcd-cdn5.jpg?resize=1024%2C683&amp;ssl=1 1024w, https:\/\/i0.wp.com\/cdnoticias.com\/wp-content\/uploads\/2021\/03\/inauguracion-sesiones-hcd-cdn5.jpg?resize=272%2C182&amp;ssl=1 272w, https:\/\/i0.wp.com\/cdnoticias.com\/wp-content\/uploads\/2021\/03\/inauguracion-sesiones-hcd-cdn5.jpg?w=1600&amp;ssl=1 1600w, https:\/\/i0.wp.com\/cdnoticias.com\/wp-content\/uploads\/2021\/03\/inauguracion-sesiones-hcd-cdn5.jpg?w=2400&amp;ssl=1 2400w\" sizes=\"auto, (max-width: 800px) 100vw, 800px\" \/><\/p>\n<p>&nbsp;<\/p>\n<p><span style=\"font-weight: 400;\">Los rumores -y los ansiosos que esperan definiciones- daban cuenta de una posible candidatura de Eseverri dentro del Frente de Todos. Pues bien, <strong>cercanos a Jos\u00e9 Eseverri, a menos de 14 d\u00edas del cierre de listas, se forzaron en las \u00faltimas horas a ratificar y reiterar que el ex Intendente Municipal no<em> &#8220;piensa hacer pol\u00edtica en Olavarr\u00eda&#8221;.<\/em> La decisi\u00f3n la tom\u00f3 y la anunci\u00f3 hace bastante tiempo y hoy est\u00e1 a\u00fan<em> &#8220;m\u00e1s convencido de la misma&#8221;<\/em>, dijeron.<\/strong><\/span><\/p>\n<p>&nbsp;<\/p>\n<p><span style=\"font-weight: 400;\">Lo concreto es que<strong> no hay por ahora un escenario claro para las mediciones<\/strong>, pero s\u00ed para sembrar dudas y confirmar otras, como la ausencia de Eseverri.<\/span><\/p>\n<p>&nbsp;<\/p>\n<p><span style=\"font-weight: 400;\">Un punto m\u00e1s: entre tanta indefinici\u00f3n y duda,<strong> tanto en Juntos por el Cambio como en el Frente de Todos pareciera que hay un aroma a \u201cel candidato es el proyecto\u201d<\/strong>: sin nombres rutilantes, pensando en el \u201cser\u201d de cada uno, y como suele pasar cada tanto, dando una discusi\u00f3n pol\u00edtica de proyectos, caracter\u00edsticas y procederes de cada uno.\u00a0<\/span><\/p>\n<p>&nbsp;<\/p>\n<p><img data-recalc-dims=\"1\" loading=\"lazy\" decoding=\"async\" class=\"alignnone size-full wp-image-25642\" src=\"https:\/\/i0.wp.com\/cdnoticias.com\/wp-content\/uploads\/2021\/07\/DIB-manes-696x392.jpg?resize=696%2C392&#038;ssl=1\" alt=\"\" width=\"696\" height=\"392\" srcset=\"https:\/\/i0.wp.com\/cdnoticias.com\/wp-content\/uploads\/2021\/07\/DIB-manes-696x392.jpg?resize=696%2C392&amp;ssl=1 696w, https:\/\/i0.wp.com\/cdnoticias.com\/wp-content\/uploads\/2021\/07\/DIB-manes-696x392.jpg?resize=300%2C169&amp;ssl=1 300w\" sizes=\"auto, (max-width: 696px) 100vw, 696px\" \/><\/p>\n<p>&nbsp;<\/p>\n<p><span style=\"font-weight: 400;\">El espacio que plantea una ruptura es el radicalismo con Facundo Manes, pero todav\u00eda es una inc\u00f3gnita como candidato. <strong>La polarizaci\u00f3n, por ahora, est\u00e1 garantizada.\u00a0<\/strong><\/span><\/p>\n<p>&nbsp;<\/p>\n<p><span style=\"text-decoration: underline;\"><b>Eduardo Rodr\u00edguez y su foto de la semana<\/b><\/span><\/p>\n<p>&nbsp;<\/p>\n<p><img data-recalc-dims=\"1\" loading=\"lazy\" decoding=\"async\" class=\"alignnone size-full wp-image-26322\" src=\"https:\/\/i0.wp.com\/cdnoticias.com\/wp-content\/uploads\/2021\/07\/E5o3YXmXIBAdK78.png?resize=680%2C453&#038;ssl=1\" alt=\"\" width=\"680\" height=\"453\" srcset=\"https:\/\/i0.wp.com\/cdnoticias.com\/wp-content\/uploads\/2021\/07\/E5o3YXmXIBAdK78.png?w=680&amp;ssl=1 680w, https:\/\/i0.wp.com\/cdnoticias.com\/wp-content\/uploads\/2021\/07\/E5o3YXmXIBAdK78.png?resize=300%2C200&amp;ssl=1 300w, https:\/\/i0.wp.com\/cdnoticias.com\/wp-content\/uploads\/2021\/07\/E5o3YXmXIBAdK78.png?resize=272%2C182&amp;ssl=1 272w\" sizes=\"auto, (max-width: 680px) 100vw, 680px\" \/><\/p>\n<p>&nbsp;<\/p>\n<p><span style=\"font-weight: 400;\">Fue, quiz\u00e1s,<strong> la foto m\u00e1s fuerte de la semana en el \u00e1mbito pol\u00edtico<\/strong>. En materia de pertenencia, ratifica el lugar de Eduardo Rodr\u00edguez como l\u00edder del Frente Renovador local y seccional.<strong> En materia de m\u00e9ritos, es un premio a la coherencia: desde hace cuatro a\u00f1os decidi\u00f3 encabezar una colectora massista para nunca m\u00e1s abandonar el espacio. Y eso se ve.\u00a0<\/strong><\/span><\/p>\n<p>&nbsp;<\/p>\n<p><span style=\"font-weight: 400;\"><strong>El actual concejal confirm\u00f3, puertas para adentro, que no ser\u00e1 candidato a concejal.<\/strong> <em>\u201cLa Ley de reelecciones es clara y a m\u00ed no me corresponde reelegir\u201d<\/em> dijo, teniendo en cuenta que fue cabeza de lista en 2013 (oh casualidad, del Frente Renovador) y como ya dijimos, encabez\u00f3 en 2017 en una colectora massista. (La lista era&#8230;CoPeBo, quien hoy lo dirige Marcelo Latorre).\u00a0<\/span><\/p>\n<p>&nbsp;<\/p>\n<p><span style=\"font-weight: 400;\"><strong>Pero que no reelija no quiere decir que disminuya la representaci\u00f3n del Foro Olavarr\u00eda<\/strong>: la agrupaci\u00f3n intentar\u00e1 retener la banca dentro del Concejo Deliberante. Es decir, buscar\u00e1 que alg\u00fan dirigente ocupe un lugar \u201centrable\u201d dentro de la lista del Frente de Todos.<strong> Si bien no se adelantaron nombres, la fuerte presencia de Gast\u00f3n Sarachu en varias actividades del Frente Renovador -e incluso en el encuentro con Sergio Massa- hacen sospechar que podr\u00eda ser uno de los potenciales candidatos.<\/strong><\/span><\/p>\n<p>&nbsp;<\/p>\n<p><img data-recalc-dims=\"1\" loading=\"lazy\" decoding=\"async\" class=\"alignnone size-full wp-image-11953\" src=\"https:\/\/i0.wp.com\/cdnoticias.com\/wp-content\/uploads\/2021\/01\/sarachu02.jpg?resize=800%2C448&#038;ssl=1\" alt=\"\" width=\"800\" height=\"448\" srcset=\"https:\/\/i0.wp.com\/cdnoticias.com\/wp-content\/uploads\/2021\/01\/sarachu02.jpg?w=1315&amp;ssl=1 1315w, https:\/\/i0.wp.com\/cdnoticias.com\/wp-content\/uploads\/2021\/01\/sarachu02.jpg?resize=300%2C168&amp;ssl=1 300w, https:\/\/i0.wp.com\/cdnoticias.com\/wp-content\/uploads\/2021\/01\/sarachu02.jpg?resize=768%2C430&amp;ssl=1 768w, https:\/\/i0.wp.com\/cdnoticias.com\/wp-content\/uploads\/2021\/01\/sarachu02.jpg?resize=1024%2C573&amp;ssl=1 1024w\" sizes=\"auto, (max-width: 800px) 100vw, 800px\" \/><\/p>\n<p>&nbsp;<\/p>\n<p><span style=\"font-weight: 400;\">Yendo de lleno<strong> al encuentro que tuvo en la semana con el presidente de la C\u00e1mara de Diputados de la Naci\u00f3n,<\/strong> Rodr\u00edguez, In\u00e9s Creimer y Sarachu dialogaron durante una hora y media sobre la labor del Frente Renovador no s\u00f3lo en la ciudad, sino tambi\u00e9n en la secci\u00f3n. <em>\u201cSe mostr\u00f3 muy interesado por las gestiones que realizamos y tambi\u00e9n por lo pol\u00edtico, claro\u201d<\/em> dijo el propio Rodr\u00edguez a este newsletter.<\/span><\/p>\n<p>&nbsp;<\/p>\n<p><span style=\"font-weight: 400;\">Se hizo un repaso de las actividades del Foro Olavarr\u00eda y Massa se meti\u00f3 de lleno en el fuerte trabajo cultural durante la pandemia, as\u00ed como tambi\u00e9n en la labor de la Escuela de Gobierno, entre lo m\u00e1s destacado.\u00a0<\/span><\/p>\n<p>&nbsp;<\/p>\n<p><span style=\"font-weight: 400;\">Un punto que habr\u00e1 que prestar fuerte atenci\u00f3n ser\u00e1 <strong>la gesti\u00f3n de los trenes de carga de la Provincia con la no renovaci\u00f3n a Ferrosur.<\/strong> <em>\u201cEl Estado podr\u00e1 gestionar y abrir el juego a otras empresas para que puedan transportar cargas, seguir de cerca toda esa gesti\u00f3n ser\u00e1 fundamental para el futuro econ\u00f3mico de la Provincia<\/em>\u201d dijo una tercera fuente consultada sobre el tema.\u00a0 Y no le sac\u00f3 las patas a la fuente: <strong><em>\u201cEl Frente Renovador est\u00e1 muy metido en ese tema\u201d<\/em><\/strong> dijo.\u00a0<\/span><\/p>\n<p>&nbsp;<\/p>\n<blockquote><p><span style=\"font-weight: 400;\">Tambi\u00e9n hubo una reuni\u00f3n de Gast\u00f3n Sarachu (CNRT) con el titular de la Comisi\u00f3n Nacional, Jos\u00e9 Arteaga, donde se realizaron repasos de controles y de la labor de la oficina local en este tiempo.\u00a0<\/span><\/p><\/blockquote>\n<p>&nbsp;<\/p>\n<p><span style=\"font-weight: 400;\">Y as\u00ed las fotos: se valor\u00f3 el rol de Sergio Massa en la \u201cmesa chica\u201d de las decisiones de listas en la Provincia y m\u00e1s precisamente en la Secci\u00f3n. <strong>Esta semana Rodr\u00edguez podr\u00eda mantener reuniones con C\u00e9sar Valicenti y Federico Aguilera para afinar la estrategia de cara a la campa\u00f1a.<\/strong> Si bien no hay un di\u00e1logo fluido entre ellos, est\u00e1 claro que \u201ctiran para el mismo lado\u201d y as\u00ed se plantear\u00e1 en el encuentro.<\/span><\/p>\n<p>&nbsp;<\/p>\n<p><span style=\"font-weight: 400;\">Una de las fuentes consultadas en este tema pidi\u00f3 poner un asterisco en toda esta charla:<em> \u201cojo que hay una chance, remota, de que el Frente de Todos vaya a las PASO. En los distritos donde no se es oficialismo est\u00e1 abierta la posibilidad\u201d<\/em> se aclar\u00f3.\u00a0<\/span><\/p>\n<p>&nbsp;<\/p>\n<p><span style=\"font-weight: 400;\">De todos modos, fue una posibilidad. Y ah\u00ed nom\u00e1s qued\u00f3.\u00a0<\/span><\/p>\n<p>&nbsp;<\/p>\n<p><span style=\"text-decoration: underline;\"><b>Galli y los vidalistas, en paz<\/b><\/span><\/p>\n<p>&nbsp;<\/p>\n<blockquote class=\"twitter-tweet\">\n<p dir=\"ltr\" lang=\"es\">En <a href=\"https:\/\/twitter.com\/hashtag\/25DeMayo?src=hash&amp;ref_src=twsrc%5Etfw\">#25DeMayo<\/a> junto a <a href=\"https:\/\/twitter.com\/AlexCampbellOK?ref_src=twsrc%5Etfw\">@AlexCampbellOK<\/a>, <a href=\"https:\/\/twitter.com\/ezequielgalli?ref_src=twsrc%5Etfw\">@ezequielgalli<\/a> e <a href=\"https:\/\/twitter.com\/HilarioGalli?ref_src=twsrc%5Etfw\">@HilarioGalli<\/a> acompa\u00f1amos al concejal <a href=\"https:\/\/twitter.com\/paubernard?ref_src=twsrc%5Etfw\">@paubernard<\/a> en una serie de entrevistas con medios locales y en un encuentro con militantes del PRO.<\/p>\n<p>Queremos acercar a los veinticinque\u00f1os las mejores propuestas y proyectos \ud83d\udcaa <a href=\"https:\/\/t.co\/LDkGFH3OQ6\">pic.twitter.com\/LDkGFH3OQ6<\/a><\/p>\n<p>\u2014 Juan Carrara (@JuanBCarrara) <a href=\"https:\/\/twitter.com\/JuanBCarrara\/status\/1413208129655934977?ref_src=twsrc%5Etfw\">July 8, 2021<\/a><\/p><\/blockquote>\n<p><script async src=\"https:\/\/platform.twitter.com\/widgets.js\" charset=\"utf-8\"><\/script><\/p>\n<p>&nbsp;<\/p>\n<p><span style=\"font-weight: 400;\">Desde ayer, <strong>Mar\u00eda Eugenia Vidal est\u00e1 formalmente lanzada como precandidata a diputada nacional por CABA.<\/strong> \u00bfQu\u00e9 pasa con los dirigentes del \u201cvidalismo\u201d en la provincia de Buenos Aires? Si recordamos ediciones anteriores, a principios de este a\u00f1o te hab\u00edamos contado que\u00a0 se hab\u00eda formado \u201cLa territorial\u201d, una agrupaci\u00f3n que justamente los reun\u00eda con intenciones de buscar lugares en las listas.\u00a0<\/span><\/p>\n<p>&nbsp;<\/p>\n<p><span style=\"font-weight: 400;\">Pero claro, sin Vidal el vidalismo pierde peso.<strong><em> \u201cAl correrse ella no es lo mismo\u201d<\/em> reconoci\u00f3 el diputado Juan Carrara en una charla con VAF.<\/strong> Igualmente, dej\u00f3 en claro que sigue siendo la referente y que ellos mantendr\u00e1n el trabajo para apuntalar al Pro en estas elecciones y apoyar el armado de cara a una candidatura presidencial de la ex gobernadora en 2023. <strong>Y por si hiciera falta, aclar\u00f3 que \u201cnuestro candidato es Diego Santilli\u201d.<\/strong><\/span><\/p>\n<p>&nbsp;<\/p>\n<p><span style=\"font-weight: 400;\"><strong>Carrara, junto con Alex Campbell, estuvieron en estos d\u00edas junto con Ezequiel e Hilario Galli en recorrida por 25 de Mayo y Saladillo<\/strong>, con vistas al armado seccional de Juntos por el Cambio, y m\u00e1s espec\u00edficamente del Pro, para las Legislativas. Los \u201cvidalistas\u201d reconocen el liderazgo de Ezequiel Galli en la S\u00e9ptima y no parecen buscar un lugar en las candidaturas al senado provincial. <strong>Se ubican como \u201capoyo\u201d en los distritos donde el Pro no es oficialismo municipal, y respetan los l\u00edmites en aquellos municipios donde sus dirigentes son los jefes comunales, como en Olavarr\u00eda y Azul.<\/strong><\/span><\/p>\n<p>&nbsp;<\/p>\n<blockquote><p><span style=\"font-weight: 400;\">Si quedaba alguna m\u00ednima duda, pues ya no la habr\u00e1: Ezequiel Galli tendr\u00e1 la decisi\u00f3n en la Secci\u00f3n del Pro. Lo ratificaron pr\u00e1cticamente todos. Incluso, quienes quer\u00edan discutirle los lugares, como el radicalismo, hoy est\u00e1n m\u00e1s cerca de plantear una interna tambi\u00e9n en la S\u00e9ptima Secci\u00f3n y eso le da m\u00e1s libertad todav\u00eda para poder decidir los candidatos.<\/span><\/p><\/blockquote>\n<p>&nbsp;<\/p>\n<p><span style=\"font-weight: 400;\"><strong>\u00bfVeremos en la boleta de la Secci\u00f3n un \u201cHilario Galli vs Alejandro Cellillo\u201d en la PASO?<\/strong> Es una chance m\u00e1s que concreta, depender\u00e1 de los acuerdos, o no, que haya en las negociaciones.<strong><em> \u201cEzequiel estar\u00eda dispuesto a aceptar una PASO tambi\u00e9n en ese orden\u201d<\/em> <\/strong>dijo una fuente en di\u00e1logo con este newsletter.<\/span><\/p>\n<p>&nbsp;<\/p>\n<p><img data-recalc-dims=\"1\" loading=\"lazy\" decoding=\"async\" class=\"alignnone size-full wp-image-9230\" src=\"https:\/\/i0.wp.com\/cdnoticias.com\/wp-content\/uploads\/2020\/12\/Cellillo-Vice.jpeg?resize=800%2C533&#038;ssl=1\" alt=\"\" width=\"800\" height=\"533\" srcset=\"https:\/\/i0.wp.com\/cdnoticias.com\/wp-content\/uploads\/2020\/12\/Cellillo-Vice.jpeg?w=1024&amp;ssl=1 1024w, https:\/\/i0.wp.com\/cdnoticias.com\/wp-content\/uploads\/2020\/12\/Cellillo-Vice.jpeg?resize=300%2C200&amp;ssl=1 300w, https:\/\/i0.wp.com\/cdnoticias.com\/wp-content\/uploads\/2020\/12\/Cellillo-Vice.jpeg?resize=768%2C512&amp;ssl=1 768w, https:\/\/i0.wp.com\/cdnoticias.com\/wp-content\/uploads\/2020\/12\/Cellillo-Vice.jpeg?resize=272%2C182&amp;ssl=1 272w\" sizes=\"auto, (max-width: 800px) 100vw, 800px\" \/><\/p>\n<p>&nbsp;<\/p>\n<p><span style=\"font-weight: 400;\">Ahora, <strong>\u00a1la fe que se tiene el radicalismo!<\/strong> Parece que habr\u00e1 interna provincial, local y ahora seccional. \u00a1La lista completa contra el Pro! El rol protag\u00f3nico que buscaba dentro de Juntos por el Cambio, parece que lo buscar\u00e1 a fuerza de votos. \u00bfLo lograr\u00e1?\u00a0<\/span><\/p>\n<p>&nbsp;<\/p>\n<p><span style=\"font-weight: 400;\">Un asterisco en todo este intr\u00edngulis interno: ojo con Jorge Macri. <a href=\"https:\/\/www.youtube.com\/watch?v=BN1WwnEDWAM\" target=\"_blank\" rel=\"noopener\">\u00bfCanta el cl\u00e1sico de The Clash<\/a><\/span><span style=\"font-weight: 400;\">? Esta semana, \u201cLa Jorge Macri\u201d dio a conocer un spot que con un slogan clar\u00edsimo &#8211;<a href=\"https:\/\/www.perfil.com\/noticias\/politica\/el-curioso-spot-electoral-de-jorge-macri-mas-jorge-que-macri.phtml\" target=\"_blank\" rel=\"noopener\">\u201cM\u00e1s Jorge que Macri\u201d<\/a>&#8211; lo sostiene con perfil de candidato.\u00a0<\/span><\/p>\n<p>&nbsp;<\/p>\n<p><span style=\"font-weight: 400;\">La cuesti\u00f3n entonces es que <strong>no se baja e incluso se\u00f1alaron que \u201cpuede hacer da\u00f1o\u201d m\u00e1s all\u00e1 de que ha perdido muchos dirigentes que lo acompa\u00f1an y ahora solo es sostenido por un par de intendentes y varios militantes distribuidos en la Provincia.<\/strong> \u00bfQuiz\u00e1s su intenci\u00f3n es solo \u201chacer da\u00f1o\u201d? As\u00ed lo desliz\u00f3 una fuente local del espacio en di\u00e1logo con el newsletter.\u00a0<\/span><\/p>\n<p>&nbsp;<\/p>\n<p><span style=\"font-weight: 400;\">Y todo esto, <strong>otro que tambi\u00e9n quiere mantenerse con chances dentro de Juntos por el Cambio es Emilio Monz\u00f3<\/strong>. No s\u00f3lo sac\u00f3 un spot de pocos segundos a modo de instalaci\u00f3n, sino que ya est\u00e1 presentando la imagen del Partido del Di\u00e1logo con colores y logotipo.<\/span><\/p>\n<p>&nbsp;<\/p>\n<p><span style=\"text-decoration: underline;\"><b>La tercera v\u00eda ya tiene nombre<\/b><\/span><\/p>\n<p>&nbsp;<\/p>\n<p><img data-recalc-dims=\"1\" loading=\"lazy\" decoding=\"async\" class=\"alignnone size-full wp-image-25114\" src=\"https:\/\/i0.wp.com\/cdnoticias.com\/wp-content\/uploads\/2021\/06\/randazzo-696x456.jpg?resize=696%2C456&#038;ssl=1\" alt=\"\" width=\"696\" height=\"456\" srcset=\"https:\/\/i0.wp.com\/cdnoticias.com\/wp-content\/uploads\/2021\/06\/randazzo-696x456.jpg?resize=696%2C456&amp;ssl=1 696w, https:\/\/i0.wp.com\/cdnoticias.com\/wp-content\/uploads\/2021\/06\/randazzo-696x456.jpg?resize=300%2C197&amp;ssl=1 300w\" sizes=\"auto, (max-width: 696px) 100vw, 696px\" \/><\/p>\n<p>&nbsp;<\/p>\n<p><span style=\"font-weight: 400;\">Florencio Randazzo inscribi\u00f3 la alianza <strong><em>\u201cFrente Vamos con Vos\u201d.<\/em><\/strong> Con el alejamiento de Joaqu\u00edn de la Torre, que confirm\u00f3 que seguir\u00e1 en Juntos por el Cambio y que apoyar\u00eda la candidatura de Manes, el ex ministro de Transporte de la Naci\u00f3n termin\u00f3 de definir qui\u00e9nes integran esta tercera v\u00eda.<\/span><\/p>\n<p>&nbsp;<\/p>\n<blockquote><p><span style=\"font-weight: 400;\">Libres del Sur, Tercera Posici\u00f3n y Hacer por el Desarrollo Social. A ellos se suma el armado de Vecinalistas.<\/span><\/p><\/blockquote>\n<p>&nbsp;<\/p>\n<p><span style=\"font-weight: 400;\">Justamente, la semana pol\u00edtica en Olavarr\u00eda comenz\u00f3 con la<a href=\"https:\/\/cdnoticias.com\/index.php\/2021\/07\/04\/legislativas-2021-el-pot-presento-su-mesa-de-trabajo\/\" target=\"_blank\" rel=\"noopener\"> presentaci\u00f3n de la \u201cmesa de trabajo\u201d del POT con Andrea Coronel a la cabeza<\/a>, quien adem\u00e1s es la \u00fanica precandidata a concejal lanzada en Olavarr\u00eda.<\/span><\/p>\n<p>&nbsp;<\/p>\n<p><span style=\"font-weight: 400;\">\u00bfLa novedad de esta mesa? <strong>El regreso al \u00e1mbito p\u00fablico de Mario Busto, el ex jefe distrital de Polic\u00eda quien se retir\u00f3 de la fuerza hace un par de a\u00f1os con el cargo de Coordinador Zonal de Seguridad Rural.<\/strong><\/span><\/p>\n<p>&nbsp;<\/p>\n<p><img data-recalc-dims=\"1\" loading=\"lazy\" decoding=\"async\" class=\"alignnone size-full wp-image-25698\" src=\"https:\/\/i0.wp.com\/cdnoticias.com\/wp-content\/uploads\/2021\/07\/POT-Vecinalista-mesa-randazzo.jpeg?resize=800%2C457&#038;ssl=1\" alt=\"\" width=\"800\" height=\"457\" srcset=\"https:\/\/i0.wp.com\/cdnoticias.com\/wp-content\/uploads\/2021\/07\/POT-Vecinalista-mesa-randazzo.jpeg?w=1079&amp;ssl=1 1079w, https:\/\/i0.wp.com\/cdnoticias.com\/wp-content\/uploads\/2021\/07\/POT-Vecinalista-mesa-randazzo.jpeg?resize=300%2C172&amp;ssl=1 300w, https:\/\/i0.wp.com\/cdnoticias.com\/wp-content\/uploads\/2021\/07\/POT-Vecinalista-mesa-randazzo.jpeg?resize=768%2C439&amp;ssl=1 768w, https:\/\/i0.wp.com\/cdnoticias.com\/wp-content\/uploads\/2021\/07\/POT-Vecinalista-mesa-randazzo.jpeg?resize=1024%2C586&amp;ssl=1 1024w\" sizes=\"auto, (max-width: 800px) 100vw, 800px\" \/><\/p>\n<p>&nbsp;<\/p>\n<p><span style=\"text-decoration: underline;\"><strong>Un extracto<\/strong><\/span><\/p>\n<p>&nbsp;<\/p>\n<p>Estos temas, y otros m\u00e1s de la actualidad del \u00e1mbito pol\u00edtico local, se publicaron en la edici\u00f3n de este domingo del newsletter\u00a0<strong>Volver a las Fuentes<\/strong>\u00a0\u2013en esta edici\u00f3n,\u00a0<strong>\u201c\u00bfC\u00f3mo que arranc\u00f3 la campa\u00f1a y no nos avisaron?\u201d<\/strong>\u00a0\u2013 que escriben semanalmente\u00a0<em>Alexis Grierson<\/em>\u00a0y\u00a0<em>Josefina Bargas<\/em>.<\/p>\n<p>&nbsp;<\/p>\n<p>La publicaci\u00f3n es gratuita, sale todos los domingos a la ma\u00f1ana.<a href=\"https:\/\/us17.campaign-archive.com\/?u=cba2a41506a8e26d100c3f0f8&amp;id=4af991768d\" target=\"_blank\" rel=\"noopener\">\u00a0La edici\u00f3n completa ac\u00e1<\/a>\u00a0y la<a href=\"https:\/\/gmail.us17.list-manage.com\/subscribe?u=cba2a41506a8e26d100c3f0f8&amp;id=63ce583cd9\" target=\"_blank\" rel=\"noopener\">\u00a0suscripci\u00f3n est\u00e1 abierta aqu\u00ed.<\/a><\/p>\n","protected":false},"excerpt":{"rendered":"<p>Los nombres que consultaron en encuestas locales. Las claves que se disputar\u00e1n en campa\u00f1a. Massa y Rodr\u00edguez, la foto de<\/p>\n","protected":false},"author":5,"featured_media":26321,"comment_status":"closed","ping_status":"closed","sticky":false,"template":"","format":"standard","meta":{"_jetpack_memberships_contains_paid_content":false,"footnotes":""},"categories":[4,1],"tags":[],"class_list":["post-26320","post","type-post","status-publish","format-standard","has-post-thumbnail","hentry","category-politica","category-portada"],"jetpack_featured_media_url":"https:\/\/i0.wp.com\/cdnoticias.com\/wp-content\/uploads\/2021\/07\/1618a520-cfa9-1562-476f-22ded314a940.jpeg?fit=1280%2C853&ssl=1","jetpack_sharing_enabled":true,"_links":{"self":[{"href":"https:\/\/cdnoticias.com\/index.php\/wp-json\/wp\/v2\/posts\/26320","targetHints":{"allow":["GET"]}}],"collection":[{"href":"https:\/\/cdnoticias.com\/index.php\/wp-json\/wp\/v2\/posts"}],"about":[{"href":"https:\/\/cdnoticias.com\/index.php\/wp-json\/wp\/v2\/types\/post"}],"author":[{"embeddable":true,"href":"https:\/\/cdnoticias.com\/index.php\/wp-json\/wp\/v2\/users\/5"}],"replies":[{"embeddable":true,"href":"https:\/\/cdnoticias.com\/index.php\/wp-json\/wp\/v2\/comments?post=26320"}],"version-history":[{"count":0,"href":"https:\/\/cdnoticias.com\/index.php\/wp-json\/wp\/v2\/posts\/26320\/revisions"}],"wp:featuredmedia":[{"embeddable":true,"href":"https:\/\/cdnoticias.com\/index.php\/wp-json\/wp\/v2\/media\/26321"}],"wp:attachment":[{"href":"https:\/\/cdnoticias.com\/index.php\/wp-json\/wp\/v2\/media?parent=26320"}],"wp:term":[{"taxonomy":"category","embeddable":true,"href":"https:\/\/cdnoticias.com\/index.php\/wp-json\/wp\/v2\/categories?post=26320"},{"taxonomy":"post_tag","embeddable":true,"href":"https:\/\/cdnoticias.com\/index.php\/wp-json\/wp\/v2\/tags?post=26320"}],"curies":[{"name":"wp","href":"https:\/\/api.w.org\/{rel}","templated":true}]}}