{"id":26303,"date":"2021-07-11T10:09:09","date_gmt":"2021-07-11T13:09:09","guid":{"rendered":"http:\/\/www.centraldenoticias.com.ar\/?p=26303"},"modified":"2021-07-11T10:49:44","modified_gmt":"2021-07-11T13:49:44","slug":"nuestro-maracanazo-olavarria-festejo-la-obtencion-de-la-copa-america","status":"publish","type":"post","link":"https:\/\/cdnoticias.com\/index.php\/2021\/07\/11\/nuestro-maracanazo-olavarria-festejo-la-obtencion-de-la-copa-america\/","title":{"rendered":"Nuestro Maracanazo: Olavarr\u00eda festej\u00f3 la obtenci\u00f3n de la Copa Am\u00e9rica"},"content":{"rendered":"<p>La Selecci\u00f3n Argentina venci\u00f3 1 a 0 a Brasil en la final de la Copa Am\u00e9rica, festej\u00f3 el t\u00edtulo tras 28 a\u00f1os y los olavarrienses festejaron en el centro.<!--more--><\/p>\n<hr \/>\n<p>Argentina cort\u00f3 este s\u00e1bado la racha negra de 28 a\u00f1os sin t\u00edtulos y se consagr\u00f3 campe\u00f3n de la <strong>Copa Am\u00e9rica 2021.<\/strong> Los dirigidos por Lionel Scaloni derrotaron 1-0 a Brasil en el m\u00edtico estadio Maracan\u00e1 que cont\u00f3 con la presencia de alrededor de cuatro mil invitados especiales.<\/p>\n<p>&nbsp;<\/p>\n<p>A los 21 minutos del primer tiempo <strong>\u00c1ngel Di Mar\u00eda convirti\u00f3 el \u00fanico gol del partido.<\/strong> De esta forma, y luego de seis derrotas consecutivas en finales, Argentina pudo levantar la Copa.<\/p>\n<p>&nbsp;<\/p>\n<p><img data-recalc-dims=\"1\" loading=\"lazy\" decoding=\"async\" class=\"alignnone size-full wp-image-26304\" src=\"https:\/\/i0.wp.com\/cdnoticias.com\/wp-content\/uploads\/2021\/07\/festejoarg-5-960x640_c.png?resize=800%2C533&#038;ssl=1\" alt=\"\" width=\"800\" height=\"533\" srcset=\"https:\/\/i0.wp.com\/cdnoticias.com\/wp-content\/uploads\/2021\/07\/festejoarg-5-960x640_c.png?w=960&amp;ssl=1 960w, https:\/\/i0.wp.com\/cdnoticias.com\/wp-content\/uploads\/2021\/07\/festejoarg-5-960x640_c.png?resize=300%2C200&amp;ssl=1 300w, https:\/\/i0.wp.com\/cdnoticias.com\/wp-content\/uploads\/2021\/07\/festejoarg-5-960x640_c.png?resize=768%2C512&amp;ssl=1 768w, https:\/\/i0.wp.com\/cdnoticias.com\/wp-content\/uploads\/2021\/07\/festejoarg-5-960x640_c.png?resize=272%2C182&amp;ssl=1 272w\" sizes=\"auto, (max-width: 800px) 100vw, 800px\" \/><\/p>\n<p><img data-recalc-dims=\"1\" loading=\"lazy\" decoding=\"async\" class=\"alignnone size-full wp-image-26305\" src=\"https:\/\/i0.wp.com\/cdnoticias.com\/wp-content\/uploads\/2021\/07\/festejoarg-25-960x640_c.png?resize=800%2C533&#038;ssl=1\" alt=\"\" width=\"800\" height=\"533\" srcset=\"https:\/\/i0.wp.com\/cdnoticias.com\/wp-content\/uploads\/2021\/07\/festejoarg-25-960x640_c.png?w=960&amp;ssl=1 960w, https:\/\/i0.wp.com\/cdnoticias.com\/wp-content\/uploads\/2021\/07\/festejoarg-25-960x640_c.png?resize=300%2C200&amp;ssl=1 300w, https:\/\/i0.wp.com\/cdnoticias.com\/wp-content\/uploads\/2021\/07\/festejoarg-25-960x640_c.png?resize=768%2C512&amp;ssl=1 768w, https:\/\/i0.wp.com\/cdnoticias.com\/wp-content\/uploads\/2021\/07\/festejoarg-25-960x640_c.png?resize=272%2C182&amp;ssl=1 272w\" sizes=\"auto, (max-width: 800px) 100vw, 800px\" \/><\/p>\n<p>&nbsp;<\/p>\n<p>A los pocos minutos del final del juego, <strong>miles de olavarrienses salieron a festejar el campeonato de Am\u00e9rica<\/strong> que obtuvo la \u201calbiceleste\u201d en la noche del s\u00e1bado.<\/p>\n<p>&nbsp;<\/p>\n<div class=\"jetpack-video-wrapper\"><iframe loading=\"lazy\" width=\"800\" height=\"450\" src=\"https:\/\/www.youtube.com\/embed\/p4iHWJKEZ1Q?feature=oembed\" frameborder=\"0\" allow=\"accelerometer; autoplay; clipboard-write; encrypted-media; gyroscope; picture-in-picture\" allowfullscreen><\/iframe><\/div>\n<p>&nbsp;<\/p>\n<div class=\"jetpack-video-wrapper\"><iframe loading=\"lazy\" width=\"800\" height=\"450\" src=\"https:\/\/www.youtube.com\/embed\/WgCBpVYp6ZU?feature=oembed\" frameborder=\"0\" allow=\"accelerometer; autoplay; clipboard-write; encrypted-media; gyroscope; picture-in-picture\" allowfullscreen><\/iframe><\/div>\n<p>&nbsp;<\/p>\n<p>Central de Noticias y <a href=\"http:\/\/centraldeportes.com.ar\/\" target=\"_blank\" rel=\"noopener\">Central de Deportes<\/a> registraron la celebraci\u00f3n que se extendi\u00f3 hasta pasada la medianoche. Galer\u00eda de im\u00e1genes <a href=\"http:\/\/centraldeportes.com.ar\/olavarria-festejo-la-obtencion-de-la-copa-america\/\" target=\"_blank\" rel=\"noopener\">aqu\u00ed.<\/a><\/p>\n<p>&nbsp;<\/p>\n<p>&nbsp;<\/p>\n","protected":false},"excerpt":{"rendered":"<p>La Selecci\u00f3n Argentina venci\u00f3 1 a 0 a Brasil en la final de la Copa Am\u00e9rica, festej\u00f3 el t\u00edtulo tras<\/p>\n","protected":false},"author":5,"featured_media":26309,"comment_status":"closed","ping_status":"closed","sticky":false,"template":"","format":"standard","meta":{"_jetpack_memberships_contains_paid_content":false,"footnotes":""},"categories":[5,1],"tags":[],"class_list":["post-26303","post","type-post","status-publish","format-standard","has-post-thumbnail","hentry","category-informacion-general","category-portada"],"jetpack_featured_media_url":"https:\/\/i0.wp.com\/cdnoticias.com\/wp-content\/uploads\/2021\/07\/festejoarg-26-960x640_c.png?fit=960%2C640&ssl=1","jetpack_sharing_enabled":true,"_links":{"self":[{"href":"https:\/\/cdnoticias.com\/index.php\/wp-json\/wp\/v2\/posts\/26303","targetHints":{"allow":["GET"]}}],"collection":[{"href":"https:\/\/cdnoticias.com\/index.php\/wp-json\/wp\/v2\/posts"}],"about":[{"href":"https:\/\/cdnoticias.com\/index.php\/wp-json\/wp\/v2\/types\/post"}],"author":[{"embeddable":true,"href":"https:\/\/cdnoticias.com\/index.php\/wp-json\/wp\/v2\/users\/5"}],"replies":[{"embeddable":true,"href":"https:\/\/cdnoticias.com\/index.php\/wp-json\/wp\/v2\/comments?post=26303"}],"version-history":[{"count":0,"href":"https:\/\/cdnoticias.com\/index.php\/wp-json\/wp\/v2\/posts\/26303\/revisions"}],"wp:featuredmedia":[{"embeddable":true,"href":"https:\/\/cdnoticias.com\/index.php\/wp-json\/wp\/v2\/media\/26309"}],"wp:attachment":[{"href":"https:\/\/cdnoticias.com\/index.php\/wp-json\/wp\/v2\/media?parent=26303"}],"wp:term":[{"taxonomy":"category","embeddable":true,"href":"https:\/\/cdnoticias.com\/index.php\/wp-json\/wp\/v2\/categories?post=26303"},{"taxonomy":"post_tag","embeddable":true,"href":"https:\/\/cdnoticias.com\/index.php\/wp-json\/wp\/v2\/tags?post=26303"}],"curies":[{"name":"wp","href":"https:\/\/api.w.org\/{rel}","templated":true}]}}