{"id":26259,"date":"2021-07-10T10:43:20","date_gmt":"2021-07-10T13:43:20","guid":{"rendered":"http:\/\/www.centraldenoticias.com.ar\/?p=26259"},"modified":"2021-07-10T13:41:12","modified_gmt":"2021-07-10T16:41:12","slug":"lo-detuvieron-por-intentar-sustraer-un-celular-y-descubrieron-otro-robo","status":"publish","type":"post","link":"https:\/\/cdnoticias.com\/index.php\/2021\/07\/10\/lo-detuvieron-por-intentar-sustraer-un-celular-y-descubrieron-otro-robo\/","title":{"rendered":"Lo detuvieron por intentar sustraer un celular y descubrieron otro robo"},"content":{"rendered":"<p>El hecho ocurri\u00f3 durante la jornada del viernes y termin\u00f3 con un hombre de 21 a\u00f1os aprehendido.<!--more--><\/p>\n<hr \/>\n<p>Durante la jornada del viernes un hombre de 21 a\u00f1os fue aprehendido luego de haber<strong> intentado sustraer un tel\u00e9fono a un joven menor de edad, previa intimidaci\u00f3n con un arma blanca.<\/strong><\/p>\n<p>&nbsp;<\/p>\n<p>Personal del Comando de Patrullas en conjunto con personal de la comisar\u00eda Primera, se dirigieron a Tacuar\u00ed y Collinet donde <strong>lograron la captura y recogieron el cuchillo utilizado durante el intento de robo.<\/strong><\/p>\n<p>&nbsp;<\/p>\n<p>El hombre fue trasladado a la comisar\u00eda Primera para efectuar las actuaciones de rigor. Durante la aprehensi\u00f3n se estableci\u00f3 que adem\u00e1s del cuchillo, <strong>ten\u00eda en su poder dinero en efectivo (m\u00e1s precisamente 17 mil pesos) y una mochila conteniendo gorras viseras.<\/strong><\/p>\n<p>&nbsp;<\/p>\n<p>Durante el mismo viernes, se present\u00f3 en la sede policial, un hombre para realizar la denuncia de un robo en una vivienda ubicada en Azopardo al 1400. Se\u00f1al\u00f3 que desconocidos hab\u00edan violentado una ventana logrando apoderarse de dinero en efectivo, prendas de vestir, gorras viseras y dos mochilas.<\/p>\n<p>&nbsp;<\/p>\n<p>Personal policial, se aboca a la investigaci\u00f3n del hecho logrando establecer mediante c\u00e1maras de seguridad y testigos, que el autor era el joven de 21 a\u00f1os aprehendido previamente, quien<strong> ten\u00eda en su poder los elementos faltantes.<\/strong><\/p>\n<p>&nbsp;<\/p>\n<p>De tal forma, se iniciaron dos causas: una por \u201crobo calificado en grado de tentativa\u201d y \u201crobo\u201d con la intervenci\u00f3n de la UFI N\u00b010 a cargo del Dr. Miguel Pi\u00f1eiro.<\/p>\n","protected":false},"excerpt":{"rendered":"<p>El hecho ocurri\u00f3 durante la jornada del viernes y termin\u00f3 con un hombre de 21 a\u00f1os aprehendido.<\/p>\n","protected":false},"author":5,"featured_media":26260,"comment_status":"closed","ping_status":"closed","sticky":false,"template":"","format":"standard","meta":{"_jetpack_memberships_contains_paid_content":false,"footnotes":""},"categories":[14,1],"tags":[],"class_list":["post-26259","post","type-post","status-publish","format-standard","has-post-thumbnail","hentry","category-policiales","category-portada"],"jetpack_featured_media_url":"https:\/\/i0.wp.com\/cdnoticias.com\/wp-content\/uploads\/2021\/07\/WhatsApp-Image-2021-07-10-at-10.14.35.jpeg?fit=1040%2C480&ssl=1","jetpack_sharing_enabled":true,"_links":{"self":[{"href":"https:\/\/cdnoticias.com\/index.php\/wp-json\/wp\/v2\/posts\/26259","targetHints":{"allow":["GET"]}}],"collection":[{"href":"https:\/\/cdnoticias.com\/index.php\/wp-json\/wp\/v2\/posts"}],"about":[{"href":"https:\/\/cdnoticias.com\/index.php\/wp-json\/wp\/v2\/types\/post"}],"author":[{"embeddable":true,"href":"https:\/\/cdnoticias.com\/index.php\/wp-json\/wp\/v2\/users\/5"}],"replies":[{"embeddable":true,"href":"https:\/\/cdnoticias.com\/index.php\/wp-json\/wp\/v2\/comments?post=26259"}],"version-history":[{"count":0,"href":"https:\/\/cdnoticias.com\/index.php\/wp-json\/wp\/v2\/posts\/26259\/revisions"}],"wp:featuredmedia":[{"embeddable":true,"href":"https:\/\/cdnoticias.com\/index.php\/wp-json\/wp\/v2\/media\/26260"}],"wp:attachment":[{"href":"https:\/\/cdnoticias.com\/index.php\/wp-json\/wp\/v2\/media?parent=26259"}],"wp:term":[{"taxonomy":"category","embeddable":true,"href":"https:\/\/cdnoticias.com\/index.php\/wp-json\/wp\/v2\/categories?post=26259"},{"taxonomy":"post_tag","embeddable":true,"href":"https:\/\/cdnoticias.com\/index.php\/wp-json\/wp\/v2\/tags?post=26259"}],"curies":[{"name":"wp","href":"https:\/\/api.w.org\/{rel}","templated":true}]}}