{"id":26257,"date":"2021-07-10T11:46:53","date_gmt":"2021-07-10T14:46:53","guid":{"rendered":"http:\/\/www.centraldenoticias.com.ar\/?p=26257"},"modified":"2021-07-10T11:46:53","modified_gmt":"2021-07-10T14:46:53","slug":"valicenti-critico-la-asistencia-de-armas-a-bolivia-durante-el-gobierno-de-macri","status":"publish","type":"post","link":"https:\/\/cdnoticias.com\/index.php\/2021\/07\/10\/valicenti-critico-la-asistencia-de-armas-a-bolivia-durante-el-gobierno-de-macri\/","title":{"rendered":"Valicenti critic\u00f3 la asistencia de armas a Bolivia durante el gobierno de Macri"},"content":{"rendered":"<p>Fue tras la denuncia sobre la provisi\u00f3n &#8220;en forma clandestina&#8221; de armamento del gobierno de Juntos por el Cambio al r\u00e9gimen de A\u00f1ez. Tambi\u00e9n hizo referencia a las marchas que se realizaron durante la jornada del 9 de Julio.<!--more--><\/p>\n<hr \/>\n<p>Tras la denuncia del gobierno de Bolivia a la administraci\u00f3n de Mauricio Macri por <strong>proveer de manera clandestina \u201cmaterial b\u00e9lico\u201d al r\u00e9gimen que derroc\u00f3 a Evo Morales<\/strong>, el diputado provincial C\u00e9sar Valicenti expres\u00f3 su repudio.<\/p>\n<p>&nbsp;<\/p>\n<p>Adem\u00e1s, hizo referencia a las distintas<a href=\"https:\/\/cdnoticias.com\/index.php\/2021\/07\/09\/amplia-convocatoria-en-el-banderazo-de-protesta-contra-el-gobierno-nacional\/\" target=\"_blank\" rel=\"noopener\"> manifestaciones en protesta del Gobierno nacional<\/a> que se llevaron a cabo en diferentes lugares del pa\u00eds, incluida nuestra ciudad.<\/p>\n<p>&nbsp;<\/p>\n<p><strong><em>\u201cAsistieron con armas a quienes realizaron un golpe de Estado, pero marchan por la democracia y la rep\u00fablica\u201d<\/em><\/strong>, expres\u00f3 el diputado y agreg\u00f3:<em> \u201cHablan de producci\u00f3n nacional, pero abrieron importaciones libres y apostaron a la timba financiera endeudando el pa\u00eds a 100 a\u00f1os y fugando d\u00f3lares para 5 vivos al exterior\u201d.<\/em><\/p>\n<p>&nbsp;<\/p>\n<p><em>\u201cHablan de tecnolog\u00eda y modernidad, pero dejaron a todos los pibes de las escuelas p\u00fablicas sin computadoras ni acceso a internet. Quieren ser el primer mundo, pero desfinancian la ciencia, la educaci\u00f3n superior y la obra p\u00fablica. Hablan de trabajo y representan a tipos que viven de rentas y no laburaron en su vida. Hablan de futuro, pero no hay j\u00f3venes en sus manifestaciones. Hablan del pa\u00eds y lo detestan\u201d<\/em>, continu\u00f3 Valicenti.<\/p>\n<p>&nbsp;<\/p>\n<p>Y finaliz\u00f3:<em> \u201cEnarbolan la bandera argentina, pero desconocen la historia, las luchas, y los modelos econ\u00f3micos que siempre estuvieron en tensi\u00f3n. Entre lo que se dice y lo que es. Ah\u00ed si existe una grieta\u201d.<\/em><\/p>\n","protected":false},"excerpt":{"rendered":"<p>Fue tras la denuncia sobre la provisi\u00f3n &#8220;en forma clandestina&#8221; de armamento del gobierno de Juntos por el Cambio al<\/p>\n","protected":false},"author":5,"featured_media":21915,"comment_status":"closed","ping_status":"closed","sticky":false,"template":"","format":"standard","meta":{"_jetpack_memberships_contains_paid_content":false,"footnotes":""},"categories":[4,1],"tags":[],"class_list":["post-26257","post","type-post","status-publish","format-standard","has-post-thumbnail","hentry","category-politica","category-portada"],"jetpack_featured_media_url":"https:\/\/i0.wp.com\/cdnoticias.com\/wp-content\/uploads\/2021\/05\/WhatsApp-Image-2021-05-19-at-13.57.17.jpeg?fit=960%2C639&ssl=1","jetpack_sharing_enabled":true,"_links":{"self":[{"href":"https:\/\/cdnoticias.com\/index.php\/wp-json\/wp\/v2\/posts\/26257","targetHints":{"allow":["GET"]}}],"collection":[{"href":"https:\/\/cdnoticias.com\/index.php\/wp-json\/wp\/v2\/posts"}],"about":[{"href":"https:\/\/cdnoticias.com\/index.php\/wp-json\/wp\/v2\/types\/post"}],"author":[{"embeddable":true,"href":"https:\/\/cdnoticias.com\/index.php\/wp-json\/wp\/v2\/users\/5"}],"replies":[{"embeddable":true,"href":"https:\/\/cdnoticias.com\/index.php\/wp-json\/wp\/v2\/comments?post=26257"}],"version-history":[{"count":0,"href":"https:\/\/cdnoticias.com\/index.php\/wp-json\/wp\/v2\/posts\/26257\/revisions"}],"wp:featuredmedia":[{"embeddable":true,"href":"https:\/\/cdnoticias.com\/index.php\/wp-json\/wp\/v2\/media\/21915"}],"wp:attachment":[{"href":"https:\/\/cdnoticias.com\/index.php\/wp-json\/wp\/v2\/media?parent=26257"}],"wp:term":[{"taxonomy":"category","embeddable":true,"href":"https:\/\/cdnoticias.com\/index.php\/wp-json\/wp\/v2\/categories?post=26257"},{"taxonomy":"post_tag","embeddable":true,"href":"https:\/\/cdnoticias.com\/index.php\/wp-json\/wp\/v2\/tags?post=26257"}],"curies":[{"name":"wp","href":"https:\/\/api.w.org\/{rel}","templated":true}]}}