{"id":26248,"date":"2021-07-10T08:57:20","date_gmt":"2021-07-10T11:57:20","guid":{"rendered":"http:\/\/www.centraldenoticias.com.ar\/?p=26248"},"modified":"2021-07-10T10:43:52","modified_gmt":"2021-07-10T13:43:52","slug":"mas-de-2-mil-olavarrienses-se-vacunaron-durante-el-dia-de-la-independencia","status":"publish","type":"post","link":"https:\/\/cdnoticias.com\/index.php\/2021\/07\/10\/mas-de-2-mil-olavarrienses-se-vacunaron-durante-el-dia-de-la-independencia\/","title":{"rendered":"M\u00e1s de 2 mil olavarrienses se vacunaron durante el D\u00eda de la Independencia"},"content":{"rendered":"<p>Pese al feriado, volvi\u00f3 a ser intensa la labor en las postas de vacunaci\u00f3n locales. Los detalles y cifras.<!--more--><\/p>\n<hr \/>\n<p>En la jornada del viernes, pese a tratarse de un feriado por la conmemoraci\u00f3n del 9 de Julio de 1816, fue intensa la labor y concurrencia a las postas de vacunaci\u00f3n de nuestra ciudad, <strong>al punto que fueron m\u00e1s de 2 mil las dosis aplicadas.<\/strong><\/p>\n<p>&nbsp;<\/p>\n<p>Tal es as\u00ed que en el Centro Cultural Universitario se aplicaron 1016 dosis (primer componente), en el Servicio Territorial 2 524\u00a0 (primer componente), en la Facultad de Ciencias de la Salud 449\u00a0 (segundo componente) y en la Mutual Carlos Alberto Moreno 60\u00a0 (primer componente). <strong>En total se aplicaron 2.049 dosis.<\/strong><\/p>\n<p>&nbsp;<\/p>\n<p><img data-recalc-dims=\"1\" loading=\"lazy\" decoding=\"async\" class=\"alignnone size-large wp-image-25794\" src=\"https:\/\/i0.wp.com\/cdnoticias.com\/wp-content\/uploads\/2021\/07\/vacunacion-7.jpg?resize=800%2C445&#038;ssl=1\" alt=\"\" width=\"800\" height=\"445\" srcset=\"https:\/\/i0.wp.com\/cdnoticias.com\/wp-content\/uploads\/2021\/07\/vacunacion-7.jpg?resize=1024%2C570&amp;ssl=1 1024w, https:\/\/i0.wp.com\/cdnoticias.com\/wp-content\/uploads\/2021\/07\/vacunacion-7.jpg?resize=300%2C167&amp;ssl=1 300w, https:\/\/i0.wp.com\/cdnoticias.com\/wp-content\/uploads\/2021\/07\/vacunacion-7.jpg?resize=768%2C427&amp;ssl=1 768w, https:\/\/i0.wp.com\/cdnoticias.com\/wp-content\/uploads\/2021\/07\/vacunacion-7.jpg?resize=800%2C445&amp;ssl=1 800w, https:\/\/i0.wp.com\/cdnoticias.com\/wp-content\/uploads\/2021\/07\/vacunacion-7.jpg?w=1600&amp;ssl=1 1600w, https:\/\/i0.wp.com\/cdnoticias.com\/wp-content\/uploads\/2021\/07\/vacunacion-7.jpg?w=2400&amp;ssl=1 2400w\" sizes=\"auto, (max-width: 800px) 100vw, 800px\" \/><\/p>\n<p>&nbsp;<\/p>\n<p><strong>Adem\u00e1s\u00a0 contin\u00faa la vacunaci\u00f3n libre para mayores de 40 a\u00f1os, trabajadores y trabajadoras de la salud, educaci\u00f3n y seguridad, mayores de 18 a\u00f1os con comorbilidades y embarazadas<\/strong>. Los grupos mencionados podr\u00e1n acercarse con el DNI y ser\u00e1n vacunadas en el momento en cualquiera de las 4 postas de vacunaci\u00f3n que est\u00e1n funcionando en simult\u00e1neo.<\/p>\n<p>&nbsp;<\/p>\n<p>El resto de la vacunaci\u00f3n es \u00fanicamente por turnos, tanto para primeras como segundas dosis,\u00a0 por lo que <strong>se le pide a la comunidad que est\u00e9n atentos a los mensajes con la notificaci\u00f3n del d\u00eda y horario para aplicarse la dosis correspondiente<\/strong>. Todos los interesados en acceder al plan provincial de vacunaci\u00f3n contra el coronavirus, que es p\u00fablico, gratuito y optativo, pueden sacar turno de manera virtual entrando en la <a href=\"https:\/\/vacunatepba.gba.gob.ar\/\" target=\"_blank\" rel=\"noopener\">p\u00e1gina oficial<\/a>\u00a0 o de forma presencial en ANSES, IOMA, PAMI, Ministerio de trabajo, Centro de Documentaci\u00f3n R\u00e1pida, entre otros.<\/p>\n","protected":false},"excerpt":{"rendered":"<p>Pese al feriado, volvi\u00f3 a ser intensa la labor en las postas de vacunaci\u00f3n locales. Los detalles y cifras.<\/p>\n","protected":false},"author":3,"featured_media":25793,"comment_status":"closed","ping_status":"closed","sticky":false,"template":"","format":"standard","meta":{"_jetpack_memberships_contains_paid_content":false,"footnotes":""},"categories":[16,1],"tags":[],"class_list":["post-26248","post","type-post","status-publish","format-standard","has-post-thumbnail","hentry","category-covid-19","category-portada"],"jetpack_featured_media_url":"https:\/\/i0.wp.com\/cdnoticias.com\/wp-content\/uploads\/2021\/07\/vacunacion-6.jpg?fit=4608%2C2564&ssl=1","jetpack_sharing_enabled":true,"_links":{"self":[{"href":"https:\/\/cdnoticias.com\/index.php\/wp-json\/wp\/v2\/posts\/26248","targetHints":{"allow":["GET"]}}],"collection":[{"href":"https:\/\/cdnoticias.com\/index.php\/wp-json\/wp\/v2\/posts"}],"about":[{"href":"https:\/\/cdnoticias.com\/index.php\/wp-json\/wp\/v2\/types\/post"}],"author":[{"embeddable":true,"href":"https:\/\/cdnoticias.com\/index.php\/wp-json\/wp\/v2\/users\/3"}],"replies":[{"embeddable":true,"href":"https:\/\/cdnoticias.com\/index.php\/wp-json\/wp\/v2\/comments?post=26248"}],"version-history":[{"count":0,"href":"https:\/\/cdnoticias.com\/index.php\/wp-json\/wp\/v2\/posts\/26248\/revisions"}],"wp:featuredmedia":[{"embeddable":true,"href":"https:\/\/cdnoticias.com\/index.php\/wp-json\/wp\/v2\/media\/25793"}],"wp:attachment":[{"href":"https:\/\/cdnoticias.com\/index.php\/wp-json\/wp\/v2\/media?parent=26248"}],"wp:term":[{"taxonomy":"category","embeddable":true,"href":"https:\/\/cdnoticias.com\/index.php\/wp-json\/wp\/v2\/categories?post=26248"},{"taxonomy":"post_tag","embeddable":true,"href":"https:\/\/cdnoticias.com\/index.php\/wp-json\/wp\/v2\/tags?post=26248"}],"curies":[{"name":"wp","href":"https:\/\/api.w.org\/{rel}","templated":true}]}}