{"id":26246,"date":"2021-07-09T20:59:12","date_gmt":"2021-07-09T23:59:12","guid":{"rendered":"http:\/\/www.centraldenoticias.com.ar\/?p=26246"},"modified":"2021-07-10T08:58:02","modified_gmt":"2021-07-10T11:58:02","slug":"este-lunes-iniciara-el-juicio-por-extorsion-y-asociacion-ilicita-contra-referentes-de-la-uocra-local","status":"publish","type":"post","link":"https:\/\/cdnoticias.com\/index.php\/2021\/07\/09\/este-lunes-iniciara-el-juicio-por-extorsion-y-asociacion-ilicita-contra-referentes-de-la-uocra-local\/","title":{"rendered":"Este lunes iniciar\u00e1 el juicio por \u201cextorsi\u00f3n\u201d y &#8220;asociaci\u00f3n il\u00edcita&#8221; contra referentes de la Uocra local"},"content":{"rendered":"<p>El debate ser\u00e1 presencial y se llevar\u00e1 a cabo en la sede de la C\u00e1mara de Apelaciones y Garant\u00edas de Azul.<strong> Los detalles.<\/strong><!--more--><\/p>\n<hr \/>\n<p>A pr\u00e1cticamente tres a\u00f1os del inicio de la investigaci\u00f3n, la causa judicial que se le sigue a tres referentes de la Uocra local por \u201cextorsi\u00f3n\u201d y \u201casociaci\u00f3n il\u00edcita\u201d llegar\u00e1 a la instancia de debate. Dicho de manera m\u00e1s simple, <strong>lleg\u00f3 el momento del juicio oral, que dar\u00e1 comienzo este lunes y que, como dato sobresaliente, ser\u00e1 con modalidad presencial.<\/strong><\/p>\n<p>&nbsp;<\/p>\n<p>Seg\u00fan logr\u00f3 conocer <em><strong>Central de Noticias<\/strong><\/em>, todo dar\u00e1 inicio con el comienzo de la ma\u00f1ana en el recinto de la C\u00e1mara de Apelaciones y Garant\u00edas del Departamento Judicial de Azul, ubicado en el tercer piso del Palacio de Justicia de la vecina ciudad, que fue elegido debido a sus dimensiones para que las audiencias puedan llevarse adelante respetando los protocolos y medidas sanitarias. <strong>Todo se ver\u00e1 presidido por el juez Joaqu\u00edn Duba, que de manera unipersonal representar\u00e1 al Tribunal Oral en lo Criminal N\u00b0 1.<\/strong><\/p>\n<p>&nbsp;<\/p>\n<p><img data-recalc-dims=\"1\" loading=\"lazy\" decoding=\"async\" class=\"alignnone size-large wp-image-24248\" src=\"https:\/\/i0.wp.com\/cdnoticias.com\/wp-content\/uploads\/2021\/06\/WhatsApp-Image-2021-06-17-at-15.56.42-e1623956292863-1024x585.jpeg?resize=800%2C457&#038;ssl=1\" alt=\"\" width=\"800\" height=\"457\" srcset=\"https:\/\/i0.wp.com\/cdnoticias.com\/wp-content\/uploads\/2021\/06\/WhatsApp-Image-2021-06-17-at-15.56.42-e1623956292863.jpeg?resize=1024%2C585&amp;ssl=1 1024w, https:\/\/i0.wp.com\/cdnoticias.com\/wp-content\/uploads\/2021\/06\/WhatsApp-Image-2021-06-17-at-15.56.42-e1623956292863.jpeg?resize=300%2C171&amp;ssl=1 300w, https:\/\/i0.wp.com\/cdnoticias.com\/wp-content\/uploads\/2021\/06\/WhatsApp-Image-2021-06-17-at-15.56.42-e1623956292863.jpeg?resize=768%2C439&amp;ssl=1 768w, https:\/\/i0.wp.com\/cdnoticias.com\/wp-content\/uploads\/2021\/06\/WhatsApp-Image-2021-06-17-at-15.56.42-e1623956292863.jpeg?w=1248&amp;ssl=1 1248w\" sizes=\"auto, (max-width: 800px) 100vw, 800px\" \/><\/p>\n<p>&nbsp;<\/p>\n<p>Si bien la instrucci\u00f3n de la causa fue liderada por la fiscal Viviana Beyt\u00eda (cuando se encontraba al frente de la UFI 10), en las audiencias la parte acusatoria se ver\u00e1 liderada por la<strong> fiscal azule\u00f1a Laura Margaretic, quien ofreci\u00f3 m\u00e1s de medio centenar de testigos, quienes declarar\u00e1n durante las tres primeras jornadas, pautadas entre el lunes y mi\u00e9rcoles venideros.<\/strong><\/p>\n<p>&nbsp;<\/p>\n<p>Luego, durante el jueves y viernes en principio, ser\u00e1 el momento en el que se escuchar\u00e1n aquellas personas ofrecidas desde las defensas particulares de los tres acusados que tiene la causa. Se trata, por un lado, de Roberto D\u00b4amico, hist\u00f3rico secretario general del Sindicato de la Construcci\u00f3n a nivel local. Su menci\u00f3n en primer t\u00e9rmino tambi\u00e9n responde a que se trata de quien afronta una acusaci\u00f3n m\u00e1s gravosa, ya que<strong> la querella lo ubic\u00f3 en calidad de \u201cjefe organizador\u201d de \u201casociaci\u00f3n il\u00edcita\u201d, una imputaci\u00f3n que incrementa los montos de una posible condena.<\/strong><\/p>\n<p>&nbsp;<\/p>\n<p>Asimismo, al igual que el resto de los acusados, tambi\u00e9n se le endilgan<strong> tres casos de \u201cextorsi\u00f3n\u201d, dos consumados y el restante en grado de tentativa<\/strong>, adem\u00e1s de il\u00edcitos vinculados con la posesi\u00f3n de armas, algunas tipificadas como \u201cde guerra\u201d que fueron en sus poder.<\/p>\n<p>&nbsp;<\/p>\n<p><img data-recalc-dims=\"1\" loading=\"lazy\" decoding=\"async\" class=\"alignnone size-full wp-image-12885\" src=\"https:\/\/i0.wp.com\/cdnoticias.com\/wp-content\/uploads\/2021\/02\/tribunales.jpg?resize=791%2C541&#038;ssl=1\" alt=\"\" width=\"791\" height=\"541\" \/><\/p>\n<p>&nbsp;<\/p>\n<p>Otro de los acusados es Luis Daniel Conrado, que es quien se vio implicado en el episodio que dio inicio a toda la investigaci\u00f3n all\u00e1 por inicios de agosto del 2018. Es m\u00e1s, seguramente nadie siquiera sospech\u00f3 lo que generar\u00eda su aprehensi\u00f3n tras un incidente vial, que se gener\u00f3 cuando personal policial que realizaba tareas preventivas lo habr\u00eda visto arrojando basura en un sector no permitido, eso dio lugar a <strong>una persecuci\u00f3n que se extendi\u00f3 por varias cuadras, en un incidente que continu\u00f3 a\u00fan tras su interceptaci\u00f3n, ya que se habr\u00eda trenzado a golpes con los efectivos de seguridad y hasta intentado coimear a uno de ellos tras la captura, seg\u00fan las versiones de aquel entonces.<\/strong><\/p>\n<p>&nbsp;<\/p>\n<p>Lo concreto es que <strong>entre sus pertenencias se hall\u00f3 una mochila con una importante suma de dinero en efectivo, parte de la cual se encontraba en el interior de un sobre a nombre de la entidad gremial<\/strong>. Las averiguaciones en torno al origen de esa suma derivaron en el descubrimiento de una pr\u00e1ctica extorsiva que llevar\u00eda bastante tiempo de data y que tendr\u00eda como v\u00edctimas a empresarios y firmas locales, a las que se les cobraban d\u00e1divas como condici\u00f3n para no truncar sus operaciones u obras en la ciudad, seg\u00fan se erige la hip\u00f3tesis que ha sostenido desde aquel entonces la investigaci\u00f3n.<\/p>\n<p>&nbsp;<\/p>\n<p><img data-recalc-dims=\"1\" loading=\"lazy\" decoding=\"async\" class=\"alignnone size-full wp-image-12887\" src=\"https:\/\/i0.wp.com\/cdnoticias.com\/wp-content\/uploads\/2021\/02\/uocra.jpg?resize=800%2C545&#038;ssl=1\" alt=\"\" width=\"800\" height=\"545\" srcset=\"https:\/\/i0.wp.com\/cdnoticias.com\/wp-content\/uploads\/2021\/02\/uocra.jpg?w=806&amp;ssl=1 806w, https:\/\/i0.wp.com\/cdnoticias.com\/wp-content\/uploads\/2021\/02\/uocra.jpg?resize=300%2C204&amp;ssl=1 300w, https:\/\/i0.wp.com\/cdnoticias.com\/wp-content\/uploads\/2021\/02\/uocra.jpg?resize=768%2C523&amp;ssl=1 768w, https:\/\/i0.wp.com\/cdnoticias.com\/wp-content\/uploads\/2021\/02\/uocra.jpg?resize=130%2C90&amp;ssl=1 130w\" sizes=\"auto, (max-width: 800px) 100vw, 800px\" \/><\/p>\n<p>&nbsp;<\/p>\n<p>Debido a toda la secuencia previa, adem\u00e1s de las acusaciones tanto por \u201casociaci\u00f3n il\u00edcita\u201d como por las extorsiones, Conrado tambi\u00e9n afronta cargos por <strong>\u201cresistencia a la autoridad\u201d, \u201clesiones agravadas\u201d -por tratarse las v\u00edctimas miembros de la fuerza policial- y cohech<\/strong>o. El tercer acusado es Walter Brun, quien al momento de la captura era el Secretario de Organizaci\u00f3n del gremio de la construcci\u00f3n. Al igual que Conrado afronta cargos tanto por asociaci\u00f3n il\u00edcita en calidad de miembro o part\u00edcipe, al igual que por los hechos de extorsi\u00f3n.<\/p>\n<p>&nbsp;<\/p>\n<p>Por \u00faltimo, se detall\u00f3 que se especula que el viernes, con el cierre de los testigos de la defensa, se lleven adelante los alegatos de las partes. En caso de cumplirse con esa proyecci\u00f3n, esa misma jornada<strong> se conocer\u00eda la fecha de la lectura de la sentencia.<\/strong><\/p>\n","protected":false},"excerpt":{"rendered":"<p>El debate ser\u00e1 presencial y se llevar\u00e1 a cabo en la sede de la C\u00e1mara de Apelaciones y Garant\u00edas de<\/p>\n","protected":false},"author":3,"featured_media":12886,"comment_status":"closed","ping_status":"closed","sticky":false,"template":"","format":"standard","meta":{"_jetpack_memberships_contains_paid_content":false,"footnotes":""},"categories":[14,1],"tags":[],"class_list":["post-26246","post","type-post","status-publish","format-standard","has-post-thumbnail","hentry","category-policiales","category-portada"],"jetpack_featured_media_url":"https:\/\/i0.wp.com\/cdnoticias.com\/wp-content\/uploads\/2021\/02\/uocra02.jpg?fit=741%2C445&ssl=1","jetpack_sharing_enabled":true,"_links":{"self":[{"href":"https:\/\/cdnoticias.com\/index.php\/wp-json\/wp\/v2\/posts\/26246","targetHints":{"allow":["GET"]}}],"collection":[{"href":"https:\/\/cdnoticias.com\/index.php\/wp-json\/wp\/v2\/posts"}],"about":[{"href":"https:\/\/cdnoticias.com\/index.php\/wp-json\/wp\/v2\/types\/post"}],"author":[{"embeddable":true,"href":"https:\/\/cdnoticias.com\/index.php\/wp-json\/wp\/v2\/users\/3"}],"replies":[{"embeddable":true,"href":"https:\/\/cdnoticias.com\/index.php\/wp-json\/wp\/v2\/comments?post=26246"}],"version-history":[{"count":0,"href":"https:\/\/cdnoticias.com\/index.php\/wp-json\/wp\/v2\/posts\/26246\/revisions"}],"wp:featuredmedia":[{"embeddable":true,"href":"https:\/\/cdnoticias.com\/index.php\/wp-json\/wp\/v2\/media\/12886"}],"wp:attachment":[{"href":"https:\/\/cdnoticias.com\/index.php\/wp-json\/wp\/v2\/media?parent=26246"}],"wp:term":[{"taxonomy":"category","embeddable":true,"href":"https:\/\/cdnoticias.com\/index.php\/wp-json\/wp\/v2\/categories?post=26246"},{"taxonomy":"post_tag","embeddable":true,"href":"https:\/\/cdnoticias.com\/index.php\/wp-json\/wp\/v2\/tags?post=26246"}],"curies":[{"name":"wp","href":"https:\/\/api.w.org\/{rel}","templated":true}]}}