{"id":26219,"date":"2021-07-09T15:03:57","date_gmt":"2021-07-09T18:03:57","guid":{"rendered":"http:\/\/www.centraldenoticias.com.ar\/?p=26219"},"modified":"2021-07-09T16:36:10","modified_gmt":"2021-07-09T19:36:10","slug":"foro-olavarria-celebro-el-dia-de-la-independencia-con-herencia-serrana","status":"publish","type":"post","link":"https:\/\/cdnoticias.com\/index.php\/2021\/07\/09\/foro-olavarria-celebro-el-dia-de-la-independencia-con-herencia-serrana\/","title":{"rendered":"Foro Olavarr\u00eda celebr\u00f3 el D\u00eda de la Independencia con Herencia Serrana"},"content":{"rendered":"<p>Con la interpretaci\u00f3n de dos integrantes del ballet folcl\u00f3rico, Karen Tinta e Iv\u00e1n Pad\u00edn, Jorge Luis Andes en conducci\u00f3n y Cristi\u00e1n Di Pino.<!--more--><\/p>\n<hr \/>\n<p><strong>El espacio que conducen el concejal Eduardo Rodr\u00edguez y la concejala In\u00e9s Creimer celebra el D\u00eda de la Independencia<\/strong> con una nueva producci\u00f3n audiovisual con la<strong> participaci\u00f3n del ballet folcl\u00f3rico \u201cHerencia Serrana&#8221;.<\/strong><\/p>\n<p>&nbsp;<\/p>\n<p>Foro Olavarr\u00eda suma una nueva producci\u00f3n audiovisual con motivo de celebrar el D\u00eda de la Independencia, esta vez con la participaci\u00f3n del <strong>ballet folcl\u00f3rico \u201cHerencia Serrana\u201d<\/strong> que est\u00e1 disponible en las redes del Foro Olavarr\u00eda.<\/p>\n<p>&nbsp;<\/p>\n<p>La producci\u00f3n del material estuvo a cargo del <strong>equipo de Foro Olavarr\u00eda<\/strong>, con Agust\u00edn Alfonzo, Gonzalo Cabri y Luis Donatelli en c\u00e1maras y postproducci\u00f3n. La grabaci\u00f3n fue realizada en el teatro Municipal y cont\u00f3 con la participaci\u00f3n del <strong>bailar\u00edn Ivan Pad\u00edn y la bailarina Karen Tinta<\/strong>. Se sum\u00f3 <strong>Jorge Luis Andes en conducci\u00f3n<\/strong> y <strong>Cristi\u00e1n Di Pino en locuci\u00f3n<\/strong>.<\/p>\n<p><iframe loading=\"lazy\" title=\"YouTube video player\" src=\"https:\/\/www.youtube.com\/embed\/BSuD5V4-DuU\" width=\"560\" height=\"315\" frameborder=\"0\" allowfullscreen=\"allowfullscreen\"><\/iframe><\/p>\n<p>&nbsp;<\/p>\n<blockquote><p>&#8220;Agradecemos enormemente la participaci\u00f3n de Herencia Serrana en nuestra celebraci\u00f3n del D\u00eda de la Independencia&#8221;, dijo la concejala In\u00e9s Creimer. Adem\u00e1s, destac\u00f3 &#8220;el gran trabajo que Roxana Garc\u00eda y todo el ballet folcl\u00f3rico viene desarrollando en la localidad de Sierra Chica, aportando para mantener vivas nuestras tradiciones&#8221;.<\/p><\/blockquote>\n<p>&nbsp;<\/p>\n<p>Esta nueva producci\u00f3n del Foro Olavarr\u00eda forma parte de la <strong>celebraci\u00f3n por el D\u00eda de la Independencia que el espacio inici\u00f3 con la presentaci\u00f3n de la versi\u00f3n del Himno Nacional<\/strong> interpretada por <a href=\"https:\/\/cdnoticias.com\/index.php\/2021\/07\/08\/ignacio-montoya-carlotto-e-ines-maddio-abrieron-los-festejos-del-dia-de-la-independencia\/\" target=\"_blank\" rel=\"noopener\">Ignacio Montoya Carlotto e In\u00e9s Madd\u00edo<\/a>. La misma fue estrenada en las redes del Foro Olavarr\u00eda este jueves.<\/p>\n<p>&nbsp;<\/p>\n<p>Esta versi\u00f3n del Himno Nacional tuvo adem\u00e1s alcance nacional al ser presentada este viernes en la TV P\u00fablica en el programa que conduce Gabriel Corrado, \u201cMa\u00f1anas P\u00fablicas\u201d, de 10 a 12 horas.<\/p>\n","protected":false},"excerpt":{"rendered":"<p>Con la interpretaci\u00f3n de dos integrantes del ballet folcl\u00f3rico, Karen Tinta e Iv\u00e1n Pad\u00edn, Jorge Luis Andes en conducci\u00f3n y<\/p>\n","protected":false},"author":4,"featured_media":26221,"comment_status":"closed","ping_status":"closed","sticky":false,"template":"","format":"standard","meta":{"_jetpack_memberships_contains_paid_content":false,"footnotes":""},"categories":[9],"tags":[],"class_list":["post-26219","post","type-post","status-publish","format-standard","has-post-thumbnail","hentry","category-cultura"],"jetpack_featured_media_url":"https:\/\/i0.wp.com\/cdnoticias.com\/wp-content\/uploads\/2021\/07\/Herencia-Serrana.jpg?fit=800%2C500&ssl=1","jetpack_sharing_enabled":true,"_links":{"self":[{"href":"https:\/\/cdnoticias.com\/index.php\/wp-json\/wp\/v2\/posts\/26219","targetHints":{"allow":["GET"]}}],"collection":[{"href":"https:\/\/cdnoticias.com\/index.php\/wp-json\/wp\/v2\/posts"}],"about":[{"href":"https:\/\/cdnoticias.com\/index.php\/wp-json\/wp\/v2\/types\/post"}],"author":[{"embeddable":true,"href":"https:\/\/cdnoticias.com\/index.php\/wp-json\/wp\/v2\/users\/4"}],"replies":[{"embeddable":true,"href":"https:\/\/cdnoticias.com\/index.php\/wp-json\/wp\/v2\/comments?post=26219"}],"version-history":[{"count":0,"href":"https:\/\/cdnoticias.com\/index.php\/wp-json\/wp\/v2\/posts\/26219\/revisions"}],"wp:featuredmedia":[{"embeddable":true,"href":"https:\/\/cdnoticias.com\/index.php\/wp-json\/wp\/v2\/media\/26221"}],"wp:attachment":[{"href":"https:\/\/cdnoticias.com\/index.php\/wp-json\/wp\/v2\/media?parent=26219"}],"wp:term":[{"taxonomy":"category","embeddable":true,"href":"https:\/\/cdnoticias.com\/index.php\/wp-json\/wp\/v2\/categories?post=26219"},{"taxonomy":"post_tag","embeddable":true,"href":"https:\/\/cdnoticias.com\/index.php\/wp-json\/wp\/v2\/tags?post=26219"}],"curies":[{"name":"wp","href":"https:\/\/api.w.org\/{rel}","templated":true}]}}