{"id":2620,"date":"2020-09-27T19:58:00","date_gmt":"2020-09-27T22:58:00","guid":{"rendered":"http:\/\/www.centraldenoticias.com.ar\/?p=2620"},"modified":"2020-09-27T20:32:43","modified_gmt":"2020-09-27T23:32:43","slug":"ceso-la-lluvia-pero-persiste-el-alerta-por-vientos-fuertes","status":"publish","type":"post","link":"https:\/\/cdnoticias.com\/index.php\/2020\/09\/27\/ceso-la-lluvia-pero-persiste-el-alerta-por-vientos-fuertes\/","title":{"rendered":"Ces\u00f3 la lluvia pero persiste el alerta por vientos fuertes"},"content":{"rendered":"<p>Las abundantes precipitaciones, para alegr\u00eda o desgracia de quien lo mire, marcaron el desarrollo de las \u00faltimas horas en la ciudad. Desde la Estaci\u00f3n Meteorol\u00f3gica local se narr\u00f3 que cayeron cerca de 60 mm. C\u00f3mo estar\u00e1 el tiempo en el inicio de la semana.<\/p>\n<hr \/>\n<p>&nbsp;<\/p>\n<p><strong>Tras varios d\u00edas de calor y temperaturas agradables las lluvias llegaron a Olavarr\u00eda y se hicieron sentir<\/strong>. Para muchos, principalmente aquellos ligados de una u otra manera con el campo, fue un alivio. Para otros tantos una verdadera pesadilla ya que las precipitaciones se extendieron durante la mayor parte del fin de semana generando todo tipo de complicaciones y dolores de cabeza.<\/p>\n<p>&nbsp;<\/p>\n<figure id=\"attachment_2623\" aria-describedby=\"caption-attachment-2623\" style=\"width: 800px\" class=\"wp-caption alignnone\"><img data-recalc-dims=\"1\" loading=\"lazy\" decoding=\"async\" class=\"size-large wp-image-2623\" src=\"https:\/\/i0.wp.com\/cdnoticias.com\/wp-content\/uploads\/2020\/09\/lluvia.jpg?resize=800%2C603&#038;ssl=1\" alt=\"\" width=\"800\" height=\"603\" srcset=\"https:\/\/i0.wp.com\/cdnoticias.com\/wp-content\/uploads\/2020\/09\/lluvia.jpg?resize=1024%2C772&amp;ssl=1 1024w, https:\/\/i0.wp.com\/cdnoticias.com\/wp-content\/uploads\/2020\/09\/lluvia.jpg?resize=300%2C226&amp;ssl=1 300w, https:\/\/i0.wp.com\/cdnoticias.com\/wp-content\/uploads\/2020\/09\/lluvia.jpg?resize=768%2C579&amp;ssl=1 768w, https:\/\/i0.wp.com\/cdnoticias.com\/wp-content\/uploads\/2020\/09\/lluvia.jpg?w=1853&amp;ssl=1 1853w, https:\/\/i0.wp.com\/cdnoticias.com\/wp-content\/uploads\/2020\/09\/lluvia.jpg?w=1600&amp;ssl=1 1600w\" sizes=\"auto, (max-width: 800px) 100vw, 800px\" \/><figcaption id=\"caption-attachment-2623\" class=\"wp-caption-text\">Imagen publicada este domingo por la Estaci\u00f3n Meteorol\u00f3gica local en su p\u00e1gina de Facebook<\/figcaption><\/figure>\n<p>&nbsp;<\/p>\n<p><strong><em>Central de Noticias<\/em> se comunic\u00f3 con la Estaci\u00f3n Meteorol\u00f3gica local desde donde se refiri\u00f3 que desde el viernes a este domingo cayeron poco m\u00e1s de 57 mil\u00edmetros -57.3 para ser exactos-<\/strong>.\u00a0Las precipitaciones se vieron acompa\u00f1adas de fuertes vientos, dato no menor ya que <strong>fue renovado el alerta meteorol\u00f3gico por este fen\u00f3meno para el centro bonaerense, al igual el este y noroeste de la provincia de Buenos Aires, al igual que en la Capital Federal, R\u00edo de la Plata y distintos sectores de C\u00f3rdoba, Entre R\u00edos y Santa Fe.<\/strong><\/p>\n<p>&nbsp;<\/p>\n<p>Seg\u00fan se public\u00f3 en el portal oficial del Servicio Meteorol\u00f3gico Nacional, <strong>\u201ccontin\u00faan soplando vientos del sector sur con intensidades entre 30 y 50 km\/h, con r\u00e1fagas, que podr\u00edan superar los 60 km\/h. La intensidad tender\u00e1 a disminuir hacia el final del d\u00eda de hoy domingo y madrugada del lunes 28\u201d<\/strong>, tal es as\u00ed que la pr\u00f3xima actualizaci\u00f3n fue pautada para el inicio de la madrugada del lunes.<\/p>\n<p>&nbsp;<\/p>\n<p><img data-recalc-dims=\"1\" loading=\"lazy\" decoding=\"async\" class=\"alignnone size-large wp-image-2621\" src=\"https:\/\/i0.wp.com\/cdnoticias.com\/wp-content\/uploads\/2020\/09\/pronos-1.jpg?resize=800%2C234&#038;ssl=1\" alt=\"\" width=\"800\" height=\"234\" srcset=\"https:\/\/i0.wp.com\/cdnoticias.com\/wp-content\/uploads\/2020\/09\/pronos-1.jpg?resize=1024%2C300&amp;ssl=1 1024w, https:\/\/i0.wp.com\/cdnoticias.com\/wp-content\/uploads\/2020\/09\/pronos-1.jpg?resize=300%2C88&amp;ssl=1 300w, https:\/\/i0.wp.com\/cdnoticias.com\/wp-content\/uploads\/2020\/09\/pronos-1.jpg?resize=768%2C225&amp;ssl=1 768w, https:\/\/i0.wp.com\/cdnoticias.com\/wp-content\/uploads\/2020\/09\/pronos-1.jpg?w=1111&amp;ssl=1 1111w\" sizes=\"auto, (max-width: 800px) 100vw, 800px\" \/><\/p>\n<p>&nbsp;<\/p>\n<p>Con respecto a la situaci\u00f3n particular de Olavarr\u00eda se espera un clima inestable para el inicio de la semana. Al punto que para el <strong>lunes se prev\u00e9 una jornada, si bien algo ventosa, pero agradable ya que la temperatura m\u00e1xima fue estimada en los 20 grados. <\/strong><\/p>\n<p>&nbsp;<\/p>\n<p>Sin embargo, <strong>el martes volver\u00edan las nubes al cielo y el mi\u00e9rcoles las precipitaciones, ya que el pron\u00f3stico marca posibles tormentas aisladas<\/strong>.<\/p>\n<p>&nbsp;<\/p>\n<p>&nbsp;<\/p>\n","protected":false},"excerpt":{"rendered":"<p>Las abundantes precipitaciones, para alegr\u00eda o desgracia de quien lo mire, marcaron el desarrollo de las \u00faltimas horas en la<\/p>\n","protected":false},"author":3,"featured_media":2622,"comment_status":"closed","ping_status":"closed","sticky":false,"template":"","format":"standard","meta":{"_jetpack_memberships_contains_paid_content":false,"footnotes":""},"categories":[5,1],"tags":[],"class_list":["post-2620","post","type-post","status-publish","format-standard","has-post-thumbnail","hentry","category-informacion-general","category-portada"],"jetpack_featured_media_url":"https:\/\/i0.wp.com\/cdnoticias.com\/wp-content\/uploads\/2020\/09\/pronos1.jpg?fit=779%2C552&ssl=1","jetpack_sharing_enabled":true,"_links":{"self":[{"href":"https:\/\/cdnoticias.com\/index.php\/wp-json\/wp\/v2\/posts\/2620","targetHints":{"allow":["GET"]}}],"collection":[{"href":"https:\/\/cdnoticias.com\/index.php\/wp-json\/wp\/v2\/posts"}],"about":[{"href":"https:\/\/cdnoticias.com\/index.php\/wp-json\/wp\/v2\/types\/post"}],"author":[{"embeddable":true,"href":"https:\/\/cdnoticias.com\/index.php\/wp-json\/wp\/v2\/users\/3"}],"replies":[{"embeddable":true,"href":"https:\/\/cdnoticias.com\/index.php\/wp-json\/wp\/v2\/comments?post=2620"}],"version-history":[{"count":0,"href":"https:\/\/cdnoticias.com\/index.php\/wp-json\/wp\/v2\/posts\/2620\/revisions"}],"wp:featuredmedia":[{"embeddable":true,"href":"https:\/\/cdnoticias.com\/index.php\/wp-json\/wp\/v2\/media\/2622"}],"wp:attachment":[{"href":"https:\/\/cdnoticias.com\/index.php\/wp-json\/wp\/v2\/media?parent=2620"}],"wp:term":[{"taxonomy":"category","embeddable":true,"href":"https:\/\/cdnoticias.com\/index.php\/wp-json\/wp\/v2\/categories?post=2620"},{"taxonomy":"post_tag","embeddable":true,"href":"https:\/\/cdnoticias.com\/index.php\/wp-json\/wp\/v2\/tags?post=2620"}],"curies":[{"name":"wp","href":"https:\/\/api.w.org\/{rel}","templated":true}]}}