{"id":26117,"date":"2021-07-08T17:21:53","date_gmt":"2021-07-08T20:21:53","guid":{"rendered":"http:\/\/www.centraldenoticias.com.ar\/?p=26117"},"modified":"2021-07-08T17:21:53","modified_gmt":"2021-07-08T20:21:53","slug":"azucena-nelly-torres-de-saniuk-q-e-p-d","status":"publish","type":"post","link":"https:\/\/cdnoticias.com\/index.php\/2021\/07\/08\/azucena-nelly-torres-de-saniuk-q-e-p-d\/","title":{"rendered":"Azucena Nelly Torres de Saniuk (Q.E.P.D.)"},"content":{"rendered":"<p>Falleci\u00f3 en Olavarr\u00eda el 8 de julio a los 85 a\u00f1os de edad. Su esposo Miguel Jos\u00e9 Saniuk. Sus hijos Oscar David Broglia y Mar\u00eda Daniela Saniuk de Ostertag. Sus hijos pol\u00edticos Silvia Turrina y Pablo Ostertag. Sus nietos Germ\u00e1n, Nicol\u00e1s, Ariel y Mar\u00eda Luz. Sus bisnietos Bautista, Kiara y Bastian. Sus hermanos. Sus sobrinos, familiares, amigos y dem\u00e1s deudos participan de su fallecimiento.<\/p>\n<p>&nbsp;<\/p>\n<p>Sus restos no ser\u00e1n velados y ser\u00e1n inhumados en el cementerio Loma de Paz, este viernes 9 de julio a las 10:30. Vecina de barrio Mariano Moreno. Jubilada y Pensionada.<\/p>\n","protected":false},"excerpt":{"rendered":"<p>Falleci\u00f3 en Olavarr\u00eda el 8 de julio a los 85 a\u00f1os de edad. Su esposo Miguel Jos\u00e9 Saniuk. Sus hijos<\/p>\n","protected":false},"author":5,"featured_media":0,"comment_status":"closed","ping_status":"closed","sticky":false,"template":"","format":"standard","meta":{"_jetpack_memberships_contains_paid_content":false,"footnotes":""},"categories":[10],"tags":[],"class_list":["post-26117","post","type-post","status-publish","format-standard","hentry","category-necrologicas"],"jetpack_featured_media_url":"","jetpack_sharing_enabled":true,"_links":{"self":[{"href":"https:\/\/cdnoticias.com\/index.php\/wp-json\/wp\/v2\/posts\/26117","targetHints":{"allow":["GET"]}}],"collection":[{"href":"https:\/\/cdnoticias.com\/index.php\/wp-json\/wp\/v2\/posts"}],"about":[{"href":"https:\/\/cdnoticias.com\/index.php\/wp-json\/wp\/v2\/types\/post"}],"author":[{"embeddable":true,"href":"https:\/\/cdnoticias.com\/index.php\/wp-json\/wp\/v2\/users\/5"}],"replies":[{"embeddable":true,"href":"https:\/\/cdnoticias.com\/index.php\/wp-json\/wp\/v2\/comments?post=26117"}],"version-history":[{"count":0,"href":"https:\/\/cdnoticias.com\/index.php\/wp-json\/wp\/v2\/posts\/26117\/revisions"}],"wp:attachment":[{"href":"https:\/\/cdnoticias.com\/index.php\/wp-json\/wp\/v2\/media?parent=26117"}],"wp:term":[{"taxonomy":"category","embeddable":true,"href":"https:\/\/cdnoticias.com\/index.php\/wp-json\/wp\/v2\/categories?post=26117"},{"taxonomy":"post_tag","embeddable":true,"href":"https:\/\/cdnoticias.com\/index.php\/wp-json\/wp\/v2\/tags?post=26117"}],"curies":[{"name":"wp","href":"https:\/\/api.w.org\/{rel}","templated":true}]}}