{"id":2611,"date":"2020-09-27T17:45:46","date_gmt":"2020-09-27T20:45:46","guid":{"rendered":"http:\/\/www.centraldenoticias.com.ar\/?p=2611"},"modified":"2020-09-27T18:41:45","modified_gmt":"2020-09-27T21:41:45","slug":"estuve-preso-en-un-calabozo-con-rejas-y-candado","status":"publish","type":"post","link":"https:\/\/cdnoticias.com\/index.php\/2020\/09\/27\/estuve-preso-en-un-calabozo-con-rejas-y-candado\/","title":{"rendered":"\u201cEstuve preso, en un calabozo con rejas y candado\u201d"},"content":{"rendered":"<p>Jorge Fritz, el camionero olavarriense detenido en Formosa, grab\u00f3 un video en el que narr\u00f3 lo vivido en los \u00faltimos d\u00edas. El material fue compartido por sus familiares, quienes a\u00fan aguardan por su regreso a nuestra ciudad.<\/p>\n<hr \/>\n<p>&nbsp;<\/p>\n<p>La pesadilla que vive una familia olavarriense parece finalmente estar cerca de su finalizaci\u00f3n. Jorge Daniel Fritz, el camionero olavarriense detenido en Formosa hace algo m\u00e1s de dos semanas ya se encuentra en camino a su casa. <a href=\"https:\/\/cdnoticias.com\/index.php\/2020\/09\/26\/fue-liberado-el-transportista-olavarriense-detenido-en-formosa\/\">Tras ser liberado en el inicio de la tarde del s\u00e1bado<\/a>, <strong>su familia conf\u00eda en que en las pr\u00f3ximas horas, especulan entre lunes y martes, llegue finalmente a nuestra ciudad.<\/strong><\/p>\n<p>&nbsp;<\/p>\n<p>Sin embargo, mientras aguardan por su arribo, el transportista olavarriense grab\u00f3 un video en el que dio su versi\u00f3n de los hechos y agradeci\u00f3 a todas las personas que lo acompa\u00f1aron y que permitieron su liberaci\u00f3n. <strong>\u201cYo estuve preso, no estuve en un centro de aislamiento, estuve en un calabozo, con rejas y candado\u201d<\/strong>, expres\u00f3 en el registro que fue compartido a Central de Noticias por sus familiares.<\/p>\n<p>&nbsp;<\/p>\n<div class=\"jetpack-video-wrapper\"><iframe loading=\"lazy\" width=\"800\" height=\"450\" src=\"https:\/\/www.youtube.com\/embed\/80fBq98oynw?feature=oembed\" frameborder=\"0\" allow=\"accelerometer; autoplay; clipboard-write; encrypted-media; gyroscope; picture-in-picture\" allowfullscreen><\/iframe><\/div>\n<p>&nbsp;<\/p>\n<p>Vale recordar que en la noche del pasado 11 de septiembre Fritz fue <a href=\"https:\/\/cdnoticias.com\/index.php\/2020\/09\/24\/desesperado-pedido-de-una-familia-olavarriense-por-un-camionero-detenido-en-formosa\/\">detenido acusado de haber violado el aislamiento social preventivo y obligatorio al descender de su cami\u00f3n<\/a>. Desde su parte se explic\u00f3 que lo hizo para controlar la lona y el acoplado, algo que la polic\u00eda del norte del pa\u00eds nunca le crey\u00f3 y por eso lo detuvo, adem\u00e1s de iniciarle una causa, precisamente, por violar la cuarentena.<\/p>\n<p>&nbsp;<\/p>\n<p>\u201cA veces en el piso, a veces en una sin el\u00e1stico\u201d, detall\u00f3 acerca de c\u00f3mo pas\u00f3 las noches en la seccional policial formose\u00f1a. <strong>\u201cEstuve 15 d\u00edas, unos d\u00edas mejor otros peor\u201d, complet\u00f3 a medida que daba cuenta que \u201cno me enter\u00e9 nada hasta el 26 que me devolvieron el tel\u00e9fono, estaba incomunicado\u201d.<\/strong><\/p>\n<p>&nbsp;<\/p>\n<figure id=\"attachment_2526\" aria-describedby=\"caption-attachment-2526\" style=\"width: 576px\" class=\"wp-caption alignnone\"><img data-recalc-dims=\"1\" loading=\"lazy\" decoding=\"async\" class=\"size-large wp-image-2526\" src=\"https:\/\/i0.wp.com\/cdnoticias.com\/wp-content\/uploads\/2020\/09\/WhatsApp-Image-2020-09-26-at-16.39.58.jpeg?resize=576%2C1024&#038;ssl=1\" alt=\"\" width=\"576\" height=\"1024\" \/><figcaption id=\"caption-attachment-2526\" class=\"wp-caption-text\">La imagen compartida por familiares del viaje de regreso del transportista.<\/figcaption><\/figure>\n<p>&nbsp;<\/p>\n<p>Fritz no dej\u00f3 pasar la ocasi\u00f3n para los agradecimientos y en ese listado mencion\u00f3 a la <strong>delegaci\u00f3n Olavarr\u00eda de la polic\u00eda Federal que \u201cdesde un primer momento\u201d estuvo \u201csiempre apoyando a mi familia\u201d<\/strong>. En ese mismo escal\u00f3n ubic\u00f3 tanto al Sindicato de Choferes como la <strong>figura del Secretario General de ese gremio, Miguel Bettilli, \u201cque hizo mucho\u201d.<\/strong><\/p>\n<p>&nbsp;<\/p>\n<p>La \u00faltima parte de su relato la guard\u00f3 para sus amigos personales y familia. <strong>\u201cSon cuatro mujeres las que me sacaron de ac\u00e1. Mis hijas, mi cu\u00f1ada y mi mujer\u201d, concluy\u00f3.<\/strong><\/p>\n","protected":false},"excerpt":{"rendered":"<p>Jorge Fritz, el camionero olavarriense detenido en Formosa, grab\u00f3 un video en el que narr\u00f3 lo vivido en los \u00faltimos<\/p>\n","protected":false},"author":3,"featured_media":2612,"comment_status":"closed","ping_status":"closed","sticky":false,"template":"","format":"standard","meta":{"_jetpack_memberships_contains_paid_content":false,"footnotes":""},"categories":[5,1],"tags":[],"class_list":["post-2611","post","type-post","status-publish","format-standard","has-post-thumbnail","hentry","category-informacion-general","category-portada"],"jetpack_featured_media_url":"https:\/\/i0.wp.com\/cdnoticias.com\/wp-content\/uploads\/2020\/09\/camionero.jpg?fit=831%2C489&ssl=1","jetpack_sharing_enabled":true,"_links":{"self":[{"href":"https:\/\/cdnoticias.com\/index.php\/wp-json\/wp\/v2\/posts\/2611","targetHints":{"allow":["GET"]}}],"collection":[{"href":"https:\/\/cdnoticias.com\/index.php\/wp-json\/wp\/v2\/posts"}],"about":[{"href":"https:\/\/cdnoticias.com\/index.php\/wp-json\/wp\/v2\/types\/post"}],"author":[{"embeddable":true,"href":"https:\/\/cdnoticias.com\/index.php\/wp-json\/wp\/v2\/users\/3"}],"replies":[{"embeddable":true,"href":"https:\/\/cdnoticias.com\/index.php\/wp-json\/wp\/v2\/comments?post=2611"}],"version-history":[{"count":0,"href":"https:\/\/cdnoticias.com\/index.php\/wp-json\/wp\/v2\/posts\/2611\/revisions"}],"wp:featuredmedia":[{"embeddable":true,"href":"https:\/\/cdnoticias.com\/index.php\/wp-json\/wp\/v2\/media\/2612"}],"wp:attachment":[{"href":"https:\/\/cdnoticias.com\/index.php\/wp-json\/wp\/v2\/media?parent=2611"}],"wp:term":[{"taxonomy":"category","embeddable":true,"href":"https:\/\/cdnoticias.com\/index.php\/wp-json\/wp\/v2\/categories?post=2611"},{"taxonomy":"post_tag","embeddable":true,"href":"https:\/\/cdnoticias.com\/index.php\/wp-json\/wp\/v2\/tags?post=2611"}],"curies":[{"name":"wp","href":"https:\/\/api.w.org\/{rel}","templated":true}]}}