{"id":26094,"date":"2021-07-08T16:09:27","date_gmt":"2021-07-08T19:09:27","guid":{"rendered":"http:\/\/www.centraldenoticias.com.ar\/?p=26094"},"modified":"2021-07-08T17:23:26","modified_gmt":"2021-07-08T20:23:26","slug":"municipales-en-estado-de-alerta-y-movilizacion-ante-el-desacuerdo-con-la-oferta-salarial","status":"publish","type":"post","link":"https:\/\/cdnoticias.com\/index.php\/2021\/07\/08\/municipales-en-estado-de-alerta-y-movilizacion-ante-el-desacuerdo-con-la-oferta-salarial\/","title":{"rendered":"Municipales en estado de \u201calerta y movilizaci\u00f3n\u201d ante el desacuerdo con la oferta salarial"},"content":{"rendered":"<p>Integrante del Sindicato convocaron a una reuni\u00f3n abierta que se llevar\u00e1 a cabo el pr\u00f3ximo martes en el estacionamiento del Hospital Municipal.<!--more--><\/p>\n<hr \/>\n<p>Sigue sin llegar a un acuerdo la negociaci\u00f3n paritaria entre el Sindicato de Trabajadores Municipales y el Ejecutivo local, al punto que <strong>desde la entidad gremial que nuclea a los trabajadores municipales se enfatiz\u00f3 que se encuentran en \u201cestado de alerta y movilizaci\u00f3n\u201d.<\/strong><\/p>\n<p>&nbsp;<\/p>\n<p>D\u00edas atr\u00e1s, tras rechazar la propuesta del municipio, el secretario general del STMO,<a href=\"https:\/\/cdnoticias.com\/index.php\/2021\/07\/08\/el-jefe-de-gabinete-expone-su-informe-de-gestion-ante-la-camara-de-diputados\/\" target=\"_blank\" rel=\"noopener\"> Jos\u00e9 Salvador Stuppia, hab\u00eda anticipado la situaci\u00f3n en caso de que no se escuchara la contrapuesta<\/a>. Inclusive, en ese entonces se detall\u00f3 tambi\u00e9n que, en caso de persistir el desacuerdo, se avanzar\u00eda con las medidas, entre ellas la posibilidad de llevar adelante, por ejemplo, <strong>\u201cuna quita de colaboraci\u00f3n que ser\u00eda no hacer las horas extras\u201d<\/strong>.<\/p>\n<p>&nbsp;<\/p>\n<p><img data-recalc-dims=\"1\" loading=\"lazy\" decoding=\"async\" class=\"alignnone size-full wp-image-19104\" src=\"https:\/\/i0.wp.com\/cdnoticias.com\/wp-content\/uploads\/2021\/04\/municipales05.jpg?resize=800%2C445&#038;ssl=1\" alt=\"\" width=\"800\" height=\"445\" srcset=\"https:\/\/i0.wp.com\/cdnoticias.com\/wp-content\/uploads\/2021\/04\/municipales05.jpg?w=800&amp;ssl=1 800w, https:\/\/i0.wp.com\/cdnoticias.com\/wp-content\/uploads\/2021\/04\/municipales05.jpg?resize=300%2C167&amp;ssl=1 300w, https:\/\/i0.wp.com\/cdnoticias.com\/wp-content\/uploads\/2021\/04\/municipales05.jpg?resize=768%2C427&amp;ssl=1 768w\" sizes=\"auto, (max-width: 800px) 100vw, 800px\" \/><\/p>\n<p>&nbsp;<\/p>\n<p>La reuni\u00f3n de delegados llevada adelante en las \u00faltimas horas dej\u00f3 tambi\u00e9n como saldo la convocatoria a<strong> una reuni\u00f3n abierta que se llevar\u00e1 a cabo el pr\u00f3ximo martes desde las 10 en el estacionamiento del Hospital Municipal. <\/strong><\/p>\n<p>&nbsp;<\/p>\n<p><strong>\u201cEsperando respuesta a la contrapropuesta presentada por el gremio, all\u00ed los compa\u00f1eros y compa\u00f1eras resolver\u00e1n las medidas a tomar\u201d<\/strong>, concluyeron.<\/p>\n","protected":false},"excerpt":{"rendered":"<p>Integrante del Sindicato convocaron a una reuni\u00f3n abierta que se llevar\u00e1 a cabo el pr\u00f3ximo martes en el estacionamiento del<\/p>\n","protected":false},"author":3,"featured_media":4168,"comment_status":"closed","ping_status":"closed","sticky":false,"template":"","format":"standard","meta":{"_jetpack_memberships_contains_paid_content":false,"footnotes":""},"categories":[5,1],"tags":[],"class_list":["post-26094","post","type-post","status-publish","format-standard","has-post-thumbnail","hentry","category-informacion-general","category-portada"],"jetpack_featured_media_url":"https:\/\/i0.wp.com\/cdnoticias.com\/wp-content\/uploads\/2020\/10\/WhatsApp-Image-2020-10-17-at-11.47.53.jpeg?fit=1280%2C855&ssl=1","jetpack_sharing_enabled":true,"_links":{"self":[{"href":"https:\/\/cdnoticias.com\/index.php\/wp-json\/wp\/v2\/posts\/26094","targetHints":{"allow":["GET"]}}],"collection":[{"href":"https:\/\/cdnoticias.com\/index.php\/wp-json\/wp\/v2\/posts"}],"about":[{"href":"https:\/\/cdnoticias.com\/index.php\/wp-json\/wp\/v2\/types\/post"}],"author":[{"embeddable":true,"href":"https:\/\/cdnoticias.com\/index.php\/wp-json\/wp\/v2\/users\/3"}],"replies":[{"embeddable":true,"href":"https:\/\/cdnoticias.com\/index.php\/wp-json\/wp\/v2\/comments?post=26094"}],"version-history":[{"count":0,"href":"https:\/\/cdnoticias.com\/index.php\/wp-json\/wp\/v2\/posts\/26094\/revisions"}],"wp:featuredmedia":[{"embeddable":true,"href":"https:\/\/cdnoticias.com\/index.php\/wp-json\/wp\/v2\/media\/4168"}],"wp:attachment":[{"href":"https:\/\/cdnoticias.com\/index.php\/wp-json\/wp\/v2\/media?parent=26094"}],"wp:term":[{"taxonomy":"category","embeddable":true,"href":"https:\/\/cdnoticias.com\/index.php\/wp-json\/wp\/v2\/categories?post=26094"},{"taxonomy":"post_tag","embeddable":true,"href":"https:\/\/cdnoticias.com\/index.php\/wp-json\/wp\/v2\/tags?post=26094"}],"curies":[{"name":"wp","href":"https:\/\/api.w.org\/{rel}","templated":true}]}}