{"id":26082,"date":"2021-07-08T14:24:02","date_gmt":"2021-07-08T17:24:02","guid":{"rendered":"http:\/\/www.centraldenoticias.com.ar\/?p=26082"},"modified":"2021-07-08T15:46:23","modified_gmt":"2021-07-08T18:46:23","slug":"ignacio-montoya-carlotto-e-ines-maddio-abrieron-los-festejos-del-dia-de-la-independencia","status":"publish","type":"post","link":"https:\/\/cdnoticias.com\/index.php\/2021\/07\/08\/ignacio-montoya-carlotto-e-ines-maddio-abrieron-los-festejos-del-dia-de-la-independencia\/","title":{"rendered":"Ignacio Montoya Carlotto e In\u00e9s Madd\u00edo abrieron los festejos del D\u00eda de la Independencia"},"content":{"rendered":"<p>Fue en la ma\u00f1ana de este jueves cuando se estren\u00f3 el video a trav\u00e9s de las redes de Foro Olavarr\u00eda. Los m\u00fasicos locales interpretaron el Himno Nacional.<!--more--><\/p>\n<hr \/>\n<p><a href=\"https:\/\/cdnoticias.com\/index.php\/2021\/07\/07\/el-foro-olavarria-estrena-una-version-del-himno-nacional-de-ignacio-montoya-carlotto-con-ines-maddio\/\">Tal como estaba previsto<\/a>, <strong>este jueves por la ma\u00f1ana se estren\u00f3 la versi\u00f3n que los m\u00fasicos locales Ignacio Montoya Carlotto e In\u00e9s Madd\u00edo hicieron del Himno Nacional Argentino<\/strong>.<\/p>\n<p>&nbsp;<\/p>\n<p>La producci\u00f3n del video <strong>fue realizada \u00edntegramente por el equipo de Foro Olavarr\u00eda<\/strong>, los arreglos y el piano a cargo de Ignacio, y en la voz el excelente talento de In\u00e9s Maddio.<\/p>\n<p>&nbsp;<\/p>\n<blockquote class=\"twitter-tweet\">\n<p dir=\"ltr\" lang=\"es\">Gracias <a href=\"https:\/\/twitter.com\/montoyacarlotto?ref_src=twsrc%5Etfw\">@montoyacarlotto<\/a> e <a href=\"https:\/\/twitter.com\/hashtag\/In%C3%A9sMaddio?src=hash&amp;ref_src=twsrc%5Etfw\">#In\u00e9sMaddio<\/a> por regalarnos esta hermosa versi\u00f3n del himno nacional.<\/p>\n<p>Miralo completo en Youtube \u27a1\ufe0f <a href=\"https:\/\/t.co\/2qiq8tVFT3\">https:\/\/t.co\/2qiq8tVFT3<\/a><a href=\"https:\/\/twitter.com\/hashtag\/ArgentinaUnida?src=hash&amp;ref_src=twsrc%5Etfw\">#ArgentinaUnida<\/a>\u2764\ud83c\udde6\ud83c\uddf7 <a href=\"https:\/\/t.co\/sieEobW6ad\">pic.twitter.com\/sieEobW6ad<\/a><\/p>\n<p>\u2014 Eduardo Rodr\u00edguez (@rodriguezolav) <a href=\"https:\/\/twitter.com\/rodriguezolav\/status\/1413138271501045773?ref_src=twsrc%5Etfw\">July 8, 2021<\/a><\/p><\/blockquote>\n<p><script async src=\"https:\/\/platform.twitter.com\/widgets.js\" charset=\"utf-8\"><\/script><\/p>\n<p>&nbsp;<\/p>\n<p>El estreno fue en la ma\u00f1ana de este jueves <strong>en el marco del D\u00eda de la Independencia<\/strong> que se celebrar\u00e1 este viernes.<\/p>\n<p>&nbsp;<\/p>\n<p>Si bien se hab\u00eda anunciado que adem\u00e1s, la producci\u00f3n se iba a presentar en la<strong> TV P\u00fablica<\/strong> este jueves, se inform\u00f3 que <em>desde el programa &#8220;Ma\u00f1anas P\u00fablicas&#8221; que conduce Gabriel Corrado de 10 a 12 horas se decidi\u00f3 postergar la emisi\u00f3n del himno para ma\u00f1ana viernes<\/em>, D\u00eda de la Independencia.<\/p>\n","protected":false},"excerpt":{"rendered":"<p>Fue en la ma\u00f1ana de este jueves cuando se estren\u00f3 el video a trav\u00e9s de las redes de Foro Olavarr\u00eda.<\/p>\n","protected":false},"author":4,"featured_media":26080,"comment_status":"closed","ping_status":"closed","sticky":false,"template":"","format":"standard","meta":{"_jetpack_memberships_contains_paid_content":false,"footnotes":""},"categories":[9,1],"tags":[],"class_list":["post-26082","post","type-post","status-publish","format-standard","has-post-thumbnail","hentry","category-cultura","category-portada"],"jetpack_featured_media_url":"https:\/\/i0.wp.com\/cdnoticias.com\/wp-content\/uploads\/2021\/07\/9-de-julio-himno-foro-olavarria.jpg?fit=800%2C445&ssl=1","jetpack_sharing_enabled":true,"_links":{"self":[{"href":"https:\/\/cdnoticias.com\/index.php\/wp-json\/wp\/v2\/posts\/26082","targetHints":{"allow":["GET"]}}],"collection":[{"href":"https:\/\/cdnoticias.com\/index.php\/wp-json\/wp\/v2\/posts"}],"about":[{"href":"https:\/\/cdnoticias.com\/index.php\/wp-json\/wp\/v2\/types\/post"}],"author":[{"embeddable":true,"href":"https:\/\/cdnoticias.com\/index.php\/wp-json\/wp\/v2\/users\/4"}],"replies":[{"embeddable":true,"href":"https:\/\/cdnoticias.com\/index.php\/wp-json\/wp\/v2\/comments?post=26082"}],"version-history":[{"count":0,"href":"https:\/\/cdnoticias.com\/index.php\/wp-json\/wp\/v2\/posts\/26082\/revisions"}],"wp:featuredmedia":[{"embeddable":true,"href":"https:\/\/cdnoticias.com\/index.php\/wp-json\/wp\/v2\/media\/26080"}],"wp:attachment":[{"href":"https:\/\/cdnoticias.com\/index.php\/wp-json\/wp\/v2\/media?parent=26082"}],"wp:term":[{"taxonomy":"category","embeddable":true,"href":"https:\/\/cdnoticias.com\/index.php\/wp-json\/wp\/v2\/categories?post=26082"},{"taxonomy":"post_tag","embeddable":true,"href":"https:\/\/cdnoticias.com\/index.php\/wp-json\/wp\/v2\/tags?post=26082"}],"curies":[{"name":"wp","href":"https:\/\/api.w.org\/{rel}","templated":true}]}}