{"id":26046,"date":"2021-07-08T08:24:26","date_gmt":"2021-07-08T11:24:26","guid":{"rendered":"http:\/\/www.centraldenoticias.com.ar\/?p=26046"},"modified":"2021-07-08T08:24:26","modified_gmt":"2021-07-08T11:24:26","slug":"maria-raquel-quiroga-q-e-p-d","status":"publish","type":"post","link":"https:\/\/cdnoticias.com\/index.php\/2021\/07\/08\/maria-raquel-quiroga-q-e-p-d\/","title":{"rendered":"Mar\u00eda Raquel Quiroga (Q.E.P.D.)"},"content":{"rendered":"<p>Falleci\u00f3 en Olavarr\u00eda el d\u00eda 7 de julio de 2021 a los 68 a\u00f1os de edad.<\/p>\n<p>&nbsp;<\/p>\n<p>Velatorio: Sala &#8221;A&#8221; de Hinojo, comienza 11:30 horas. Responso: Capilla ardiente. Inhumaci\u00f3n: Cementerio Municipal de Colonia Hinojo, jueves 8 a las 13:30.<\/p>\n<p>&nbsp;<\/p>\n<p>Actividad que desarrollaba: Jubilada<\/p>\n","protected":false},"excerpt":{"rendered":"<p>Falleci\u00f3 en Olavarr\u00eda el d\u00eda 7 de julio de 2021 a los 68 a\u00f1os de edad. &nbsp; Velatorio: Sala &#8221;A&#8221;<\/p>\n","protected":false},"author":4,"featured_media":0,"comment_status":"closed","ping_status":"closed","sticky":false,"template":"","format":"standard","meta":{"_jetpack_memberships_contains_paid_content":false,"footnotes":""},"categories":[10],"tags":[],"class_list":["post-26046","post","type-post","status-publish","format-standard","hentry","category-necrologicas"],"jetpack_featured_media_url":"","jetpack_sharing_enabled":true,"_links":{"self":[{"href":"https:\/\/cdnoticias.com\/index.php\/wp-json\/wp\/v2\/posts\/26046","targetHints":{"allow":["GET"]}}],"collection":[{"href":"https:\/\/cdnoticias.com\/index.php\/wp-json\/wp\/v2\/posts"}],"about":[{"href":"https:\/\/cdnoticias.com\/index.php\/wp-json\/wp\/v2\/types\/post"}],"author":[{"embeddable":true,"href":"https:\/\/cdnoticias.com\/index.php\/wp-json\/wp\/v2\/users\/4"}],"replies":[{"embeddable":true,"href":"https:\/\/cdnoticias.com\/index.php\/wp-json\/wp\/v2\/comments?post=26046"}],"version-history":[{"count":0,"href":"https:\/\/cdnoticias.com\/index.php\/wp-json\/wp\/v2\/posts\/26046\/revisions"}],"wp:attachment":[{"href":"https:\/\/cdnoticias.com\/index.php\/wp-json\/wp\/v2\/media?parent=26046"}],"wp:term":[{"taxonomy":"category","embeddable":true,"href":"https:\/\/cdnoticias.com\/index.php\/wp-json\/wp\/v2\/categories?post=26046"},{"taxonomy":"post_tag","embeddable":true,"href":"https:\/\/cdnoticias.com\/index.php\/wp-json\/wp\/v2\/tags?post=26046"}],"curies":[{"name":"wp","href":"https:\/\/api.w.org\/{rel}","templated":true}]}}