{"id":2604,"date":"2020-09-27T17:30:59","date_gmt":"2020-09-27T20:30:59","guid":{"rendered":"http:\/\/www.centraldenoticias.com.ar\/?p=2604"},"modified":"2020-09-27T17:49:54","modified_gmt":"2020-09-27T20:49:54","slug":"la-semana-de-mayor-impacto-de-la-pandemia-en-olavarria","status":"publish","type":"post","link":"https:\/\/cdnoticias.com\/index.php\/2020\/09\/27\/la-semana-de-mayor-impacto-de-la-pandemia-en-olavarria\/","title":{"rendered":"La semana de mayor impacto de la pandemia en Olavarr\u00eda"},"content":{"rendered":"<p>Se registraron en 275 nuevos casos y fallecieron siete personas. Durante el mes de septiembre se detect\u00f3 el 66% del total de los confirmados con Covid en Olavarr\u00eda.<!--more--><\/p>\n<hr \/>\n<p>Septiembre es el mes de mayor impacto de la pandemia en Olavarr\u00eda y <strong>la semana que termin\u00f3 es la que dej\u00f3 los registros m\u00e1s importantes<\/strong> en t\u00e9rminos de detecci\u00f3n de casos.<\/p>\n<p>&nbsp;<\/p>\n<blockquote><p>La semana epidemiol\u00f3gica 39, que fue del 20 al 26 de septiembre, cerr\u00f3 con 275 casos nuevos registrados de coronavirus y el fallecimiento de siete pacientes. A su vez, 227 personas que recibieron el alta.<\/p><\/blockquote>\n<p>&nbsp;<\/p>\n<p>En tanto,<strong> a lo largo del mes de septiembre, Olavarr\u00eda registr\u00f3 738 casos positivos, 565 pacientes se consideraron curados y se contabilizaron 19 decesos<\/strong>.<\/p>\n<p>&nbsp;<\/p>\n<p>Tambi\u00e9n este mes es el que muestra mayor ritmo de trabajo en el Laboratorio de Biolog\u00eda Molecular del Hospital en cuanto a los estudios de pacientes locales. Los registros de septiembre arrojan que<strong> 869 testeos resultaron negativos<\/strong>.<\/p>\n<p>&nbsp;<\/p>\n<div class=\"infogram-embed\" data-id=\"5beb7c82-59f2-4ae2-9561-83d1be33491b\" data-type=\"interactive\" data-title=\"Covid Olavarria Septiembre\"><\/div>\n<p><script>!function(e,i,n,s){var t=\"InfogramEmbeds\",d=e.getElementsByTagName(\"script\")[0];if(window[t]&&window[t].initialized)window[t].process&&window[t].process();else if(!e.getElementById(n)){var o=e.createElement(\"script\");o.async=1,o.id=n,o.src=\"https:\/\/e.infogram.com\/js\/dist\/embed-loader-min.js\",d.parentNode.insertBefore(o,d)}}(document,0,\"infogram-async\");<\/script><\/p>\n<div style=\"padding: 8px 0; font-family: Arial!important; font-size: 13px!important; line-height: 15px!important; text-align: center; border-top: 1px solid #dadada; margin: 0 30px;\"><a style=\"color: #989898!important; text-decoration: none!important;\" href=\"https:\/\/infogram.com\/5beb7c82-59f2-4ae2-9561-83d1be33491b\" target=\"_blank\" rel=\"noopener\">Covid Olavarria Septiembre<\/a><br \/>\n<a style=\"color: #989898!important; text-decoration: none!important;\" href=\"https:\/\/infogram.com\" target=\"_blank\" rel=\"nofollow noopener\">Infogram<\/a><\/div>\n<p>&nbsp;<\/p>\n<p>&nbsp;<\/p>\n<p><strong>Desde el inicio de la emergencia sanitaria, a mediados de marzo, Olavarr\u00eda ha tenido 1.145 vecinos que padecieron el virus<\/strong>. Este registro surge de la sumatoria de los casos positivos, los curados y los fallecidos. Justamente, en la semana 39 se superaron los mil casos locales.<\/p>\n<p>&nbsp;<\/p>\n<p>De esos 1.145 pacientes, <strong>76,7% logr\u00f3 superar la enfermedad<\/strong>: 879 personas recibieron el alta.<\/p>\n<p>&nbsp;<\/p>\n<p><strong>En tanto, y para enfatizar el alto impacto que tuvo la pandemia en las \u00faltimas semanas en Olavarr\u00eda, de los 1.145 casos totales, 66% se detect\u00f3 este mes.<\/strong><\/p>\n","protected":false},"excerpt":{"rendered":"<p>Se registraron en 275 nuevos casos y fallecieron siete personas. Durante el mes de septiembre se detect\u00f3 el 66% del<\/p>\n","protected":false},"author":4,"featured_media":1503,"comment_status":"closed","ping_status":"closed","sticky":false,"template":"","format":"standard","meta":{"_jetpack_memberships_contains_paid_content":false,"footnotes":""},"categories":[5,1],"tags":[],"class_list":["post-2604","post","type-post","status-publish","format-standard","has-post-thumbnail","hentry","category-informacion-general","category-portada"],"jetpack_featured_media_url":"https:\/\/i0.wp.com\/cdnoticias.com\/wp-content\/uploads\/2020\/09\/Salud-Guardia-Hospital-1.jpg?fit=987%2C740&ssl=1","jetpack_sharing_enabled":true,"_links":{"self":[{"href":"https:\/\/cdnoticias.com\/index.php\/wp-json\/wp\/v2\/posts\/2604","targetHints":{"allow":["GET"]}}],"collection":[{"href":"https:\/\/cdnoticias.com\/index.php\/wp-json\/wp\/v2\/posts"}],"about":[{"href":"https:\/\/cdnoticias.com\/index.php\/wp-json\/wp\/v2\/types\/post"}],"author":[{"embeddable":true,"href":"https:\/\/cdnoticias.com\/index.php\/wp-json\/wp\/v2\/users\/4"}],"replies":[{"embeddable":true,"href":"https:\/\/cdnoticias.com\/index.php\/wp-json\/wp\/v2\/comments?post=2604"}],"version-history":[{"count":0,"href":"https:\/\/cdnoticias.com\/index.php\/wp-json\/wp\/v2\/posts\/2604\/revisions"}],"wp:featuredmedia":[{"embeddable":true,"href":"https:\/\/cdnoticias.com\/index.php\/wp-json\/wp\/v2\/media\/1503"}],"wp:attachment":[{"href":"https:\/\/cdnoticias.com\/index.php\/wp-json\/wp\/v2\/media?parent=2604"}],"wp:term":[{"taxonomy":"category","embeddable":true,"href":"https:\/\/cdnoticias.com\/index.php\/wp-json\/wp\/v2\/categories?post=2604"},{"taxonomy":"post_tag","embeddable":true,"href":"https:\/\/cdnoticias.com\/index.php\/wp-json\/wp\/v2\/tags?post=2604"}],"curies":[{"name":"wp","href":"https:\/\/api.w.org\/{rel}","templated":true}]}}