{"id":25956,"date":"2021-07-06T21:05:28","date_gmt":"2021-07-07T00:05:28","guid":{"rendered":"http:\/\/www.centraldenoticias.com.ar\/?p=25956"},"modified":"2021-07-07T08:57:26","modified_gmt":"2021-07-07T11:57:26","slug":"nuevo-record-de-vacunados-este-martes-fueron-aplicadas-2-376-dosis","status":"publish","type":"post","link":"https:\/\/cdnoticias.com\/index.php\/2021\/07\/06\/nuevo-record-de-vacunados-este-martes-fueron-aplicadas-2-376-dosis\/","title":{"rendered":"Nuevo r\u00e9cord de vacunados: este martes fueron aplicadas 2.376 dosis"},"content":{"rendered":"<p>As\u00ed fue revelado por Regi\u00f3n Sanitaria IX, desde donde se detall\u00f3 que este mi\u00e9rcoles se iniciar\u00e1 la vacunaci\u00f3n libre a mayores de 45 a\u00f1os y, a la par, llegar\u00e1n m\u00e1s vacunas.<!--more--><\/p>\n<hr \/>\n<p>Avanza a buen ritmo el plan provincial de vacunaci\u00f3n, al punto que este martes se lleg\u00f3 a <strong>un nuevo r\u00e9cord de aplicaciones diarias. De acuerdo con lo que se detall\u00f3 desde Regi\u00f3n Sanitaria IX, fueron 2.376 las vacunas inoculadas<\/strong>.<\/p>\n<p>&nbsp;<\/p>\n<p><img data-recalc-dims=\"1\" loading=\"lazy\" decoding=\"async\" class=\"alignnone size-large wp-image-25804\" src=\"https:\/\/i0.wp.com\/cdnoticias.com\/wp-content\/uploads\/2021\/07\/vacunacion-17.jpg?resize=800%2C445&#038;ssl=1\" alt=\"\" width=\"800\" height=\"445\" srcset=\"https:\/\/i0.wp.com\/cdnoticias.com\/wp-content\/uploads\/2021\/07\/vacunacion-17.jpg?resize=1024%2C570&amp;ssl=1 1024w, https:\/\/i0.wp.com\/cdnoticias.com\/wp-content\/uploads\/2021\/07\/vacunacion-17.jpg?resize=300%2C167&amp;ssl=1 300w, https:\/\/i0.wp.com\/cdnoticias.com\/wp-content\/uploads\/2021\/07\/vacunacion-17.jpg?resize=768%2C427&amp;ssl=1 768w, https:\/\/i0.wp.com\/cdnoticias.com\/wp-content\/uploads\/2021\/07\/vacunacion-17.jpg?resize=800%2C445&amp;ssl=1 800w, https:\/\/i0.wp.com\/cdnoticias.com\/wp-content\/uploads\/2021\/07\/vacunacion-17.jpg?w=1600&amp;ssl=1 1600w, https:\/\/i0.wp.com\/cdnoticias.com\/wp-content\/uploads\/2021\/07\/vacunacion-17.jpg?w=2400&amp;ssl=1 2400w\" sizes=\"auto, (max-width: 800px) 100vw, 800px\" \/><\/p>\n<p>&nbsp;<\/p>\n<p><strong>Pr\u00e1cticamente la mitad de la mismas, 1047 para ser precisos, correspondieron a primeras dosis que fueron aplicadas en el Centro Cultural Universitario ubicado en el barrio Pueblo Nuevo<\/strong>. A la par, en el Servicio Territorial 2 se aplicaron 580\u00a0 (9 segundo componente y 571 primer componente), en la Facultad de Ciencias de la Salud 505 (segundo componente) y en la Mutual Carlos Alberto Moreno 244 (59 primer componente, 185 segundo componente).<\/p>\n<p>&nbsp;<\/p>\n<p>Adem\u00e1s, se revel\u00f3 que este mi\u00e9rcoles <strong>llegar\u00e1n a Olavarr\u00eda 6.800 dosis de Sputnik V primer componente, 4.800 de las cuales estar\u00e1n destinadas al Centro Cultural Universitario y 2.000 al Servicio Territorial 2.<\/strong><\/p>\n<p>&nbsp;<\/p>\n<p><img data-recalc-dims=\"1\" loading=\"lazy\" decoding=\"async\" class=\"alignnone size-large wp-image-25801\" src=\"https:\/\/i0.wp.com\/cdnoticias.com\/wp-content\/uploads\/2021\/07\/vacunacion-14.jpg?resize=800%2C534&#038;ssl=1\" alt=\"\" width=\"800\" height=\"534\" srcset=\"https:\/\/i0.wp.com\/cdnoticias.com\/wp-content\/uploads\/2021\/07\/vacunacion-14.jpg?resize=1024%2C683&amp;ssl=1 1024w, https:\/\/i0.wp.com\/cdnoticias.com\/wp-content\/uploads\/2021\/07\/vacunacion-14.jpg?resize=300%2C200&amp;ssl=1 300w, https:\/\/i0.wp.com\/cdnoticias.com\/wp-content\/uploads\/2021\/07\/vacunacion-14.jpg?resize=768%2C512&amp;ssl=1 768w, https:\/\/i0.wp.com\/cdnoticias.com\/wp-content\/uploads\/2021\/07\/vacunacion-14.jpg?resize=272%2C182&amp;ssl=1 272w, https:\/\/i0.wp.com\/cdnoticias.com\/wp-content\/uploads\/2021\/07\/vacunacion-14.jpg?w=1600&amp;ssl=1 1600w, https:\/\/i0.wp.com\/cdnoticias.com\/wp-content\/uploads\/2021\/07\/vacunacion-14.jpg?w=2400&amp;ssl=1 2400w\" sizes=\"auto, (max-width: 800px) 100vw, 800px\" \/><\/p>\n<p>&nbsp;<\/p>\n<p>Por otra parte,<a href=\"https:\/\/cdnoticias.com\/index.php\/2021\/07\/06\/se-amplia-la-vacunacion-libre-en-la-provincia-y-habra-31-municipios-con-ciudades-protegidas\/\" target=\"_blank\" rel=\"noopener\"> tal como se anunci\u00f3 desde Provincia<\/a>, tambi\u00e9n <strong>este mi\u00e9rcoles arrancar\u00e1 la vacunaci\u00f3n libre para mayores de 45 a\u00f1os, asimismo sigue\u00a0 la vacunaci\u00f3n libre a trabajadores y trabajadoras de la salud, educaci\u00f3n y seguridad, mayores de 18 a\u00f1os con comorbilidades y embarazadas<\/strong>. Los grupos mencionados podr\u00e1n acercarse con el DNI y ser\u00e1n vacunadas en el momento en cualquiera de las 4 postas de vacunaci\u00f3n que est\u00e1n funcionando en simult\u00e1neo.<\/p>\n<p>&nbsp;<\/p>\n<p><strong>El resto de la vacunaci\u00f3n es \u00fanicamente por turnos, tanto para primeras como segundas dosis, por lo que se le pide a la comunidad que est\u00e9n atentos a los mensajes con la notificaci\u00f3n del d\u00eda y horario para aplicarse la dosis correspondiente.<\/strong> Todos los interesados en acceder al plan provincial de vacunaci\u00f3n contra el coronavirus, que es p\u00fablico, gratuito y optativo, pueden sacar turno de manera virtual entrando en la <a href=\"https:\/\/vacunatepba.gba.gob.ar\/\" target=\"_blank\" rel=\"noopener\">p\u00e1gina oficial<\/a> o de forma presencial en ANSES, IOMA, PAMI, Ministerio de trabajo, Centro de Documentaci\u00f3n R\u00e1pida, entre otros.<\/p>\n","protected":false},"excerpt":{"rendered":"<p>As\u00ed fue revelado por Regi\u00f3n Sanitaria IX, desde donde se detall\u00f3 que este mi\u00e9rcoles se iniciar\u00e1 la vacunaci\u00f3n libre a<\/p>\n","protected":false},"author":3,"featured_media":25805,"comment_status":"closed","ping_status":"closed","sticky":false,"template":"","format":"standard","meta":{"_jetpack_memberships_contains_paid_content":false,"footnotes":""},"categories":[16,1],"tags":[],"class_list":["post-25956","post","type-post","status-publish","format-standard","has-post-thumbnail","hentry","category-covid-19","category-portada"],"jetpack_featured_media_url":"https:\/\/i0.wp.com\/cdnoticias.com\/wp-content\/uploads\/2021\/07\/vacunacion-18.jpg?fit=4608%2C2563&ssl=1","jetpack_sharing_enabled":true,"_links":{"self":[{"href":"https:\/\/cdnoticias.com\/index.php\/wp-json\/wp\/v2\/posts\/25956","targetHints":{"allow":["GET"]}}],"collection":[{"href":"https:\/\/cdnoticias.com\/index.php\/wp-json\/wp\/v2\/posts"}],"about":[{"href":"https:\/\/cdnoticias.com\/index.php\/wp-json\/wp\/v2\/types\/post"}],"author":[{"embeddable":true,"href":"https:\/\/cdnoticias.com\/index.php\/wp-json\/wp\/v2\/users\/3"}],"replies":[{"embeddable":true,"href":"https:\/\/cdnoticias.com\/index.php\/wp-json\/wp\/v2\/comments?post=25956"}],"version-history":[{"count":0,"href":"https:\/\/cdnoticias.com\/index.php\/wp-json\/wp\/v2\/posts\/25956\/revisions"}],"wp:featuredmedia":[{"embeddable":true,"href":"https:\/\/cdnoticias.com\/index.php\/wp-json\/wp\/v2\/media\/25805"}],"wp:attachment":[{"href":"https:\/\/cdnoticias.com\/index.php\/wp-json\/wp\/v2\/media?parent=25956"}],"wp:term":[{"taxonomy":"category","embeddable":true,"href":"https:\/\/cdnoticias.com\/index.php\/wp-json\/wp\/v2\/categories?post=25956"},{"taxonomy":"post_tag","embeddable":true,"href":"https:\/\/cdnoticias.com\/index.php\/wp-json\/wp\/v2\/tags?post=25956"}],"curies":[{"name":"wp","href":"https:\/\/api.w.org\/{rel}","templated":true}]}}