{"id":25934,"date":"2021-07-06T17:01:31","date_gmt":"2021-07-06T20:01:31","guid":{"rendered":"http:\/\/www.centraldenoticias.com.ar\/?p=25934"},"modified":"2021-07-06T17:03:22","modified_gmt":"2021-07-06T20:03:22","slug":"permanece-en-terapia-intensiva-el-motociclista-accidentado-el-lunes","status":"publish","type":"post","link":"https:\/\/cdnoticias.com\/index.php\/2021\/07\/06\/permanece-en-terapia-intensiva-el-motociclista-accidentado-el-lunes\/","title":{"rendered":"Permanece en Terapia Intensiva el motociclista accidentado el lunes"},"content":{"rendered":"<p>El joven de 22 a\u00f1os fue intervenido quir\u00fargicamente y contin\u00faa internado en el Hospital Municipal \u201cDr. H\u00e9ctor Cura\u201d tras un accidente con otro motociclista en barrio Pueblo Nuevo.<!--more--><\/p>\n<hr \/>\n<p>El lunes por la tarde se produjo un<a href=\"https:\/\/cdnoticias.com\/index.php\/2021\/07\/05\/dos-heridos-tras-un-violento-choque-de-motos-en-el-barrio-pueblo-nuevo\/\" target=\"_blank\" rel=\"noopener\"> violento accidente entre dos motos<\/a> en la esquina de Necochea e Independencia. Producto del siniestro, los conductores de los veh\u00edculos fueron trasladados al Hospital Municipal, uno de ellos con heridas de consideraci\u00f3n.<\/p>\n<p>&nbsp;<\/p>\n<p>Durante la jornada de este martes, desde el centro de salud se inform\u00f3 que el joven accidentado fue sometido a una <strong>operaci\u00f3n para extraer el bazo.<\/strong> Luego de la intervenci\u00f3n, <strong>permanece internado estable en la Unidad de Terapia Intensiva.<\/strong> Adem\u00e1s, se comunic\u00f3 que, en las pr\u00f3ximas horas, le retirar\u00e1n la asistencia respiratoria mec\u00e1nica.<\/p>\n<p>&nbsp;<\/p>\n<p>Se trata de<strong> Marcos Perlo, de 22 a\u00f1os<\/strong>, quien conduc\u00eda una de las motos de baja cilindrada que chocaron en el barrio Pueblo Nuevo. Los veh\u00edculos quedaron entrelazados y sobre un cantero ubicado sobre una de las esquinas.<\/p>\n","protected":false},"excerpt":{"rendered":"<p>El joven de 22 a\u00f1os fue intervenido quir\u00fargicamente y contin\u00faa internado en el Hospital Municipal \u201cDr. H\u00e9ctor Cura\u201d tras un<\/p>\n","protected":false},"author":5,"featured_media":25842,"comment_status":"closed","ping_status":"closed","sticky":false,"template":"","format":"standard","meta":{"_jetpack_memberships_contains_paid_content":false,"footnotes":""},"categories":[14,1],"tags":[],"class_list":["post-25934","post","type-post","status-publish","format-standard","has-post-thumbnail","hentry","category-policiales","category-portada"],"jetpack_featured_media_url":"https:\/\/i0.wp.com\/cdnoticias.com\/wp-content\/uploads\/2021\/07\/WhatsApp-Image-2021-07-05-at-17.32.17-2.jpeg?fit=1152%2C864&ssl=1","jetpack_sharing_enabled":true,"_links":{"self":[{"href":"https:\/\/cdnoticias.com\/index.php\/wp-json\/wp\/v2\/posts\/25934","targetHints":{"allow":["GET"]}}],"collection":[{"href":"https:\/\/cdnoticias.com\/index.php\/wp-json\/wp\/v2\/posts"}],"about":[{"href":"https:\/\/cdnoticias.com\/index.php\/wp-json\/wp\/v2\/types\/post"}],"author":[{"embeddable":true,"href":"https:\/\/cdnoticias.com\/index.php\/wp-json\/wp\/v2\/users\/5"}],"replies":[{"embeddable":true,"href":"https:\/\/cdnoticias.com\/index.php\/wp-json\/wp\/v2\/comments?post=25934"}],"version-history":[{"count":0,"href":"https:\/\/cdnoticias.com\/index.php\/wp-json\/wp\/v2\/posts\/25934\/revisions"}],"wp:featuredmedia":[{"embeddable":true,"href":"https:\/\/cdnoticias.com\/index.php\/wp-json\/wp\/v2\/media\/25842"}],"wp:attachment":[{"href":"https:\/\/cdnoticias.com\/index.php\/wp-json\/wp\/v2\/media?parent=25934"}],"wp:term":[{"taxonomy":"category","embeddable":true,"href":"https:\/\/cdnoticias.com\/index.php\/wp-json\/wp\/v2\/categories?post=25934"},{"taxonomy":"post_tag","embeddable":true,"href":"https:\/\/cdnoticias.com\/index.php\/wp-json\/wp\/v2\/tags?post=25934"}],"curies":[{"name":"wp","href":"https:\/\/api.w.org\/{rel}","templated":true}]}}