{"id":25926,"date":"2021-07-06T16:09:52","date_gmt":"2021-07-06T19:09:52","guid":{"rendered":"http:\/\/www.centraldenoticias.com.ar\/?p=25926"},"modified":"2021-07-06T17:14:34","modified_gmt":"2021-07-06T20:14:34","slug":"niebla-o-neblina-tips-para-entender-una-jornada-invernal-atipica","status":"publish","type":"post","link":"https:\/\/cdnoticias.com\/index.php\/2021\/07\/06\/niebla-o-neblina-tips-para-entender-una-jornada-invernal-atipica\/","title":{"rendered":"\u00bfNiebla o neblina? Tips para entender una jornada invernal at\u00edpica"},"content":{"rendered":"<p>Adem\u00e1s del fr\u00edo, la visibilidad reducida caracteriz\u00f3 el transcurso de este martes. \u00bfNiebla o neblina? O \u00bfambas? De la mano de la Estaci\u00f3n Meteorol\u00f3gica local desglosamos lo sucedido.<!--more--><\/p>\n<hr \/>\n<p><strong>\u201cLa diferencia entre niebla y neblina reside en la visibilidad\u201d<\/strong>. Con la claridad pero tambi\u00e9n con la amabilidad de siempre, desde la Estaci\u00f3n Meteorol\u00f3gica local se explic\u00f3 a <em><strong>Central de Noticias<\/strong> <\/em>una distinci\u00f3n de lo que para muchos quiz\u00e1s puede llegar a ser sin\u00f3nimos, pero que en la pr\u00e1ctica y en la teor\u00eda est\u00e1n bien diferenciados.<\/p>\n<p>&nbsp;<\/p>\n<p>La visibilidad reducida, adem\u00e1s del fr\u00edo que tambi\u00e9n se hizo sentir, fue sin dudas protagonista en las \u00faltimas horas, haciendo que se multipliquen los recaudos a la hora de movilizarse. <strong>Fue tal la densidad de la niebla, que por momentos no se ve\u00eda m\u00e1s all\u00e1 de 100 metros, principalmente en el transcurso de la ma\u00f1ana.<\/strong><\/p>\n<p>&nbsp;<\/p>\n<p><img data-recalc-dims=\"1\" loading=\"lazy\" decoding=\"async\" class=\"alignnone size-full wp-image-25929\" src=\"https:\/\/i0.wp.com\/cdnoticias.com\/wp-content\/uploads\/2021\/07\/neblina01.jpg?resize=800%2C445&#038;ssl=1\" alt=\"\" width=\"800\" height=\"445\" srcset=\"https:\/\/i0.wp.com\/cdnoticias.com\/wp-content\/uploads\/2021\/07\/neblina01.jpg?w=800&amp;ssl=1 800w, https:\/\/i0.wp.com\/cdnoticias.com\/wp-content\/uploads\/2021\/07\/neblina01.jpg?resize=300%2C167&amp;ssl=1 300w, https:\/\/i0.wp.com\/cdnoticias.com\/wp-content\/uploads\/2021\/07\/neblina01.jpg?resize=768%2C427&amp;ssl=1 768w\" sizes=\"auto, (max-width: 800px) 100vw, 800px\" \/><\/p>\n<p>&nbsp;<\/p>\n<p>Por qu\u00e9 la menci\u00f3n en t\u00e9rminos de niebla y no de neblina, precisamente como explico Alicia Pucciarelli a este portal, la diferencia \u201creside en la visibilidad\u201d. <strong>\u201cDe 0 a 900 metros es niebla, de mil metros en adelante es neblina\u201d,<\/strong> complet\u00f3.<\/p>\n<p>&nbsp;<\/p>\n<p>Es por ello que sin temor a equivocarse, principalmente con lo sucedido desde las 9.30 hasta horas del mediod\u00eda, lo que sucedi\u00f3 en ese entonces fue una densa niebla ocasionada, seg\u00fan agreg\u00f3, por una masa de aire h\u00famedo y precipitaciones dispersas. Luego, <strong>con el correr de las horas, ya se pas\u00f3 a una neblina a\u00fan persistente, acompa\u00f1ada precisamente por un pron\u00f3stico de lluvias que abarca no s\u00f3lo la noche de este martes, sino tambi\u00e9n la madrugada y ma\u00f1ana del mi\u00e9rcoles.<\/strong><\/p>\n<p>&nbsp;<\/p>\n<p><img data-recalc-dims=\"1\" loading=\"lazy\" decoding=\"async\" class=\"alignnone size-full wp-image-25927\" src=\"https:\/\/i0.wp.com\/cdnoticias.com\/wp-content\/uploads\/2021\/07\/neblina03.jpg?resize=800%2C445&#038;ssl=1\" alt=\"\" width=\"800\" height=\"445\" srcset=\"https:\/\/i0.wp.com\/cdnoticias.com\/wp-content\/uploads\/2021\/07\/neblina03.jpg?w=800&amp;ssl=1 800w, https:\/\/i0.wp.com\/cdnoticias.com\/wp-content\/uploads\/2021\/07\/neblina03.jpg?resize=300%2C167&amp;ssl=1 300w, https:\/\/i0.wp.com\/cdnoticias.com\/wp-content\/uploads\/2021\/07\/neblina03.jpg?resize=768%2C427&amp;ssl=1 768w\" sizes=\"auto, (max-width: 800px) 100vw, 800px\" \/><\/p>\n<p>&nbsp;<\/p>\n<p>Este martes, tal como se aludi\u00f3 previamente, el fr\u00edo tambi\u00e9n se hizo notar, con un<strong> registro m\u00ednimo de 2.3 grados a las 7.40 de la ma\u00f1ana<\/strong>. La m\u00e1xima hab\u00eda sido estimado en los 16 grados, un valor que por estas horas parece algo lejano. Alrededor de las 16 la temperatura era cercana a los 9 grados, pero con una m\u00ednima apenas superior a los 6.<\/p>\n<p>&nbsp;<\/p>\n<p>El mi\u00e9rcoles, por \u00faltimo, adem\u00e1s de la probabilidad de precipitaciones durante el inicio de la jornada, se <strong>anticipan valores con un espectro que va desde una m\u00ednima de 8 grados y una m\u00e1xima de 19 durante la tarde.<\/strong><\/p>\n","protected":false},"excerpt":{"rendered":"<p>Adem\u00e1s del fr\u00edo, la visibilidad reducida caracteriz\u00f3 el transcurso de este martes. \u00bfNiebla o neblina? O \u00bfambas? De la mano<\/p>\n","protected":false},"author":3,"featured_media":25928,"comment_status":"closed","ping_status":"closed","sticky":false,"template":"","format":"standard","meta":{"_jetpack_memberships_contains_paid_content":false,"footnotes":""},"categories":[5,1],"tags":[],"class_list":["post-25926","post","type-post","status-publish","format-standard","has-post-thumbnail","hentry","category-informacion-general","category-portada"],"jetpack_featured_media_url":"https:\/\/i0.wp.com\/cdnoticias.com\/wp-content\/uploads\/2021\/07\/neblina02.jpg?fit=800%2C445&ssl=1","jetpack_sharing_enabled":true,"_links":{"self":[{"href":"https:\/\/cdnoticias.com\/index.php\/wp-json\/wp\/v2\/posts\/25926","targetHints":{"allow":["GET"]}}],"collection":[{"href":"https:\/\/cdnoticias.com\/index.php\/wp-json\/wp\/v2\/posts"}],"about":[{"href":"https:\/\/cdnoticias.com\/index.php\/wp-json\/wp\/v2\/types\/post"}],"author":[{"embeddable":true,"href":"https:\/\/cdnoticias.com\/index.php\/wp-json\/wp\/v2\/users\/3"}],"replies":[{"embeddable":true,"href":"https:\/\/cdnoticias.com\/index.php\/wp-json\/wp\/v2\/comments?post=25926"}],"version-history":[{"count":0,"href":"https:\/\/cdnoticias.com\/index.php\/wp-json\/wp\/v2\/posts\/25926\/revisions"}],"wp:featuredmedia":[{"embeddable":true,"href":"https:\/\/cdnoticias.com\/index.php\/wp-json\/wp\/v2\/media\/25928"}],"wp:attachment":[{"href":"https:\/\/cdnoticias.com\/index.php\/wp-json\/wp\/v2\/media?parent=25926"}],"wp:term":[{"taxonomy":"category","embeddable":true,"href":"https:\/\/cdnoticias.com\/index.php\/wp-json\/wp\/v2\/categories?post=25926"},{"taxonomy":"post_tag","embeddable":true,"href":"https:\/\/cdnoticias.com\/index.php\/wp-json\/wp\/v2\/tags?post=25926"}],"curies":[{"name":"wp","href":"https:\/\/api.w.org\/{rel}","templated":true}]}}