{"id":25924,"date":"2021-07-06T13:41:53","date_gmt":"2021-07-06T16:41:53","guid":{"rendered":"http:\/\/www.centraldenoticias.com.ar\/?p=25924"},"modified":"2021-07-06T13:41:53","modified_gmt":"2021-07-06T16:41:53","slug":"maria-amelia-albasi-mac-donall-martin-viuda-de-scavuzzo-q-e-p-d","status":"publish","type":"post","link":"https:\/\/cdnoticias.com\/index.php\/2021\/07\/06\/maria-amelia-albasi-mac-donall-martin-viuda-de-scavuzzo-q-e-p-d\/","title":{"rendered":"Maria Amelia Albasi Mac Donall Martin viuda de Scavuzzo (Q.E.P.D.)"},"content":{"rendered":"<p>Falleci\u00f3 en Olavarr\u00eda el d\u00eda 6 de julio de 2021 a los 96 a\u00f1os de edad. Sus hijos. Sus nietos y dem\u00e1s deudos participan su fallecimiento.<\/p>\n<p>&nbsp;<\/p>\n<p>Velatorio: Sala Velatoria de Hinojo, la sala se habilita este mi\u00e9rcoles 7 a las 9:30 horas. Responso: Capilla ardiente. Inhumaci\u00f3n: Cementerio de Hinojo, mi\u00e9rcoles 7 de julio a las 11:30 horas. Servicio adherido a Coopelectric.<\/p>\n<p>&nbsp;<\/p>\n<p>Vecina de Hinojo.<\/p>\n<p>&nbsp;<\/p>\n<p>Nacida en General La Madrid.<\/p>\n<p>&nbsp;<\/p>\n<p>Jubilada y Pensionada.<\/p>\n","protected":false},"excerpt":{"rendered":"<p>Falleci\u00f3 en Olavarr\u00eda el d\u00eda 6 de julio de 2021 a los 96 a\u00f1os de edad. Sus hijos. Sus nietos<\/p>\n","protected":false},"author":4,"featured_media":0,"comment_status":"closed","ping_status":"closed","sticky":false,"template":"","format":"standard","meta":{"_jetpack_memberships_contains_paid_content":false,"footnotes":""},"categories":[10],"tags":[],"class_list":["post-25924","post","type-post","status-publish","format-standard","hentry","category-necrologicas"],"jetpack_featured_media_url":"","jetpack_sharing_enabled":true,"_links":{"self":[{"href":"https:\/\/cdnoticias.com\/index.php\/wp-json\/wp\/v2\/posts\/25924","targetHints":{"allow":["GET"]}}],"collection":[{"href":"https:\/\/cdnoticias.com\/index.php\/wp-json\/wp\/v2\/posts"}],"about":[{"href":"https:\/\/cdnoticias.com\/index.php\/wp-json\/wp\/v2\/types\/post"}],"author":[{"embeddable":true,"href":"https:\/\/cdnoticias.com\/index.php\/wp-json\/wp\/v2\/users\/4"}],"replies":[{"embeddable":true,"href":"https:\/\/cdnoticias.com\/index.php\/wp-json\/wp\/v2\/comments?post=25924"}],"version-history":[{"count":0,"href":"https:\/\/cdnoticias.com\/index.php\/wp-json\/wp\/v2\/posts\/25924\/revisions"}],"wp:attachment":[{"href":"https:\/\/cdnoticias.com\/index.php\/wp-json\/wp\/v2\/media?parent=25924"}],"wp:term":[{"taxonomy":"category","embeddable":true,"href":"https:\/\/cdnoticias.com\/index.php\/wp-json\/wp\/v2\/categories?post=25924"},{"taxonomy":"post_tag","embeddable":true,"href":"https:\/\/cdnoticias.com\/index.php\/wp-json\/wp\/v2\/tags?post=25924"}],"curies":[{"name":"wp","href":"https:\/\/api.w.org\/{rel}","templated":true}]}}