{"id":25922,"date":"2021-07-06T13:28:31","date_gmt":"2021-07-06T16:28:31","guid":{"rendered":"http:\/\/www.centraldenoticias.com.ar\/?p=25922"},"modified":"2021-07-06T16:10:11","modified_gmt":"2021-07-06T19:10:11","slug":"el-mte-se-manifesto-en-olavarria-y-pidio-por-la-aprobacion-de-la-ley-de-envases","status":"publish","type":"post","link":"https:\/\/cdnoticias.com\/index.php\/2021\/07\/06\/el-mte-se-manifesto-en-olavarria-y-pidio-por-la-aprobacion-de-la-ley-de-envases\/","title":{"rendered":"El MTE se manifest\u00f3 en Olavarr\u00eda y pidi\u00f3 por la aprobaci\u00f3n de la Ley de Envases"},"content":{"rendered":"<p>Realizaron una manifestaci\u00f3n en el Paseo Jes\u00fas Mend\u00eda. Yesica Semanyszyn, vocera de los trabajadores, explic\u00f3 los alcances del proyecto de Ley y la situaci\u00f3n en el pa\u00eds y la ciudad.\u00a0<!--more--><\/p>\n<hr \/>\n<p>En la ma\u00f1ana de este martes,<strong> trabajadores y trabajadoras de la Cooperativa Viento en Contra, dentro del MTE, realizaron una manifestaci\u00f3n en el Paseo Jes\u00fas Mend\u00eda para pedir por el tratamiento y sanci\u00f3n de la Ley de Envases<\/strong>, que busca regular el uso en la producci\u00f3n de productos.<\/p>\n<p>&nbsp;<\/p>\n<p>Mientras realizaban la separaci\u00f3n de residuos en el Paseo, y promotoras de la Cooperativa dialogaban con vecinos acerca del proyecto y la intenci\u00f3n de la Cooperativa, <strong>la integrante y vocera de los compa\u00f1eros cartoneros, Yesica Semanyszyn, dialog\u00f3 con los medios acerca del proyecto y de la situaci\u00f3n nacional y local.<\/strong><\/p>\n<p>&nbsp;<\/p>\n<p><img data-recalc-dims=\"1\" loading=\"lazy\" decoding=\"async\" class=\"alignnone size-large wp-image-25903\" src=\"https:\/\/i0.wp.com\/cdnoticias.com\/wp-content\/uploads\/2021\/07\/mte-5.jpg?resize=800%2C534&#038;ssl=1\" alt=\"\" width=\"800\" height=\"534\" srcset=\"https:\/\/i0.wp.com\/cdnoticias.com\/wp-content\/uploads\/2021\/07\/mte-5.jpg?resize=1024%2C683&amp;ssl=1 1024w, https:\/\/i0.wp.com\/cdnoticias.com\/wp-content\/uploads\/2021\/07\/mte-5.jpg?resize=300%2C200&amp;ssl=1 300w, https:\/\/i0.wp.com\/cdnoticias.com\/wp-content\/uploads\/2021\/07\/mte-5.jpg?resize=768%2C512&amp;ssl=1 768w, https:\/\/i0.wp.com\/cdnoticias.com\/wp-content\/uploads\/2021\/07\/mte-5.jpg?resize=272%2C182&amp;ssl=1 272w, https:\/\/i0.wp.com\/cdnoticias.com\/wp-content\/uploads\/2021\/07\/mte-5.jpg?w=1600&amp;ssl=1 1600w, https:\/\/i0.wp.com\/cdnoticias.com\/wp-content\/uploads\/2021\/07\/mte-5.jpg?w=2400&amp;ssl=1 2400w\" sizes=\"auto, (max-width: 800px) 100vw, 800px\" \/><\/p>\n<p>&nbsp;<\/p>\n<p>Esta movilizaci\u00f3n <em>\u201cse realiza en todo el pa\u00eds para darle una vuelta de hoja al sistema de reciclado del pa\u00eds. Lo que se busca con la Ley de Envases es darle definitivamente una soluci\u00f3n al problema ambiental y al problema de inclusi\u00f3n social que tenemos los recuperadores en todo el pa\u00eds\u201d.<\/em><\/p>\n<p>&nbsp;<\/p>\n<p>Actualmente, <em>\u201cla Federaci\u00f3n de Cartoneros tiene un registro de 150 mil compa\u00f1eros del MTE, trabajadores que est\u00e1n en la calle con los carritos, en los centros verdes reciclando, preparando los materiales para ser vendidos. <strong>Este registro hace que tengamos la necesidad de que se resuelva esta Ley, que se presente en el Congreso y salga resuelta.<\/strong> Ser\u00eda la responsabilidad extendida de los productores. Cada productor debe hacerse responsable por los productos que presenta en el mercado\u201d.<\/em><\/p>\n<p>&nbsp;<\/p>\n<p><img data-recalc-dims=\"1\" loading=\"lazy\" decoding=\"async\" class=\"alignnone size-large wp-image-25902\" src=\"https:\/\/i0.wp.com\/cdnoticias.com\/wp-content\/uploads\/2021\/07\/mte-4.jpg?resize=800%2C445&#038;ssl=1\" alt=\"\" width=\"800\" height=\"445\" srcset=\"https:\/\/i0.wp.com\/cdnoticias.com\/wp-content\/uploads\/2021\/07\/mte-4.jpg?resize=1024%2C570&amp;ssl=1 1024w, https:\/\/i0.wp.com\/cdnoticias.com\/wp-content\/uploads\/2021\/07\/mte-4.jpg?resize=300%2C167&amp;ssl=1 300w, https:\/\/i0.wp.com\/cdnoticias.com\/wp-content\/uploads\/2021\/07\/mte-4.jpg?resize=768%2C427&amp;ssl=1 768w, https:\/\/i0.wp.com\/cdnoticias.com\/wp-content\/uploads\/2021\/07\/mte-4.jpg?resize=800%2C445&amp;ssl=1 800w, https:\/\/i0.wp.com\/cdnoticias.com\/wp-content\/uploads\/2021\/07\/mte-4.jpg?w=1600&amp;ssl=1 1600w, https:\/\/i0.wp.com\/cdnoticias.com\/wp-content\/uploads\/2021\/07\/mte-4.jpg?w=2400&amp;ssl=1 2400w\" sizes=\"auto, (max-width: 800px) 100vw, 800px\" \/><\/p>\n<p>&nbsp;<\/p>\n<p>Se aclar\u00f3, en tanto, que no se busca cobrar el tributo al fabricante del envase, sino <em>\u201cal productor de cada producto. Tiene un destino final a g\u00f3ndola para consumici\u00f3n final\u201d.<\/em> El objetivo <strong><em>\u201ces que se legisle una Tasa que no es tributaria, es ambiental. Va desde el 0,6% de la Canasta m\u00ednima hasta no m\u00e1s de un 3% como m\u00e1ximo en el precio final del producto a consumir\u201d.<\/em><\/strong><\/p>\n<p>&nbsp;<\/p>\n<p>Lo que se recaude de la tasa ambiental<em> \u201cser\u00eda administrada por los Municipios, que tiene un sistema de gesti\u00f3n local, y se le exigir\u00e1 desde el Ministerio de Medio Ambiente y Desarrollo Sustentable que <strong>cada Municipio deber\u00e1 presentar un plan de inclusi\u00f3n social y un sistema de gesti\u00f3n local organizado para que se recicle m\u00e1s material de los residuos urbanos y a su vez disminuya el impacto ambiental negativo\u201d.<\/strong><\/em><\/p>\n<p>&nbsp;<\/p>\n<p><img data-recalc-dims=\"1\" loading=\"lazy\" decoding=\"async\" class=\"alignnone size-large wp-image-25901\" src=\"https:\/\/i0.wp.com\/cdnoticias.com\/wp-content\/uploads\/2021\/07\/mte-3.jpg?resize=800%2C534&#038;ssl=1\" alt=\"\" width=\"800\" height=\"534\" srcset=\"https:\/\/i0.wp.com\/cdnoticias.com\/wp-content\/uploads\/2021\/07\/mte-3.jpg?resize=1024%2C683&amp;ssl=1 1024w, https:\/\/i0.wp.com\/cdnoticias.com\/wp-content\/uploads\/2021\/07\/mte-3.jpg?resize=300%2C200&amp;ssl=1 300w, https:\/\/i0.wp.com\/cdnoticias.com\/wp-content\/uploads\/2021\/07\/mte-3.jpg?resize=768%2C512&amp;ssl=1 768w, https:\/\/i0.wp.com\/cdnoticias.com\/wp-content\/uploads\/2021\/07\/mte-3.jpg?resize=272%2C182&amp;ssl=1 272w, https:\/\/i0.wp.com\/cdnoticias.com\/wp-content\/uploads\/2021\/07\/mte-3.jpg?w=1600&amp;ssl=1 1600w, https:\/\/i0.wp.com\/cdnoticias.com\/wp-content\/uploads\/2021\/07\/mte-3.jpg?w=2400&amp;ssl=1 2400w\" sizes=\"auto, (max-width: 800px) 100vw, 800px\" \/><\/p>\n<p>&nbsp;<\/p>\n<p>Explicaron que el sistema regulador es la AFIP, y adem\u00e1s <em>\u201clos Municipios cuentan con un presupuesto nacional del Ministerio de Ambiente. Todo ingreso que salga de este Ministerio ir\u00eda a parar a los Municipios con el fin de mejorar la calidad de vida y darle legalidad al trabajo excluido, sumado al reconocimiento social a los compa\u00f1eros que realizan la higiene social. <strong>Las cooperativas se han organizado para que este material no vaya ni a entierro ni a basurales a cielo abierto<\/strong>\u201d.<\/em><\/p>\n<p>&nbsp;<\/p>\n<p>Justamente, nuestro pa\u00eds tiene m\u00e1s de 5 mil sitios para recolectar residuos, situaci\u00f3n que<em> \u201cgenera importante contaminaci\u00f3n. Ah\u00ed van materiales patog\u00e9nicos, hay familias que viven en esas condiciones hace a\u00f1os. Chicos si pueden van a la escuela, pero durante a\u00f1os se van formando en esos lugares.<strong> Conocemos mujeres con problemas como c\u00e1ncer, que generan estos materiales patog\u00e9nicos<\/strong>\u201d.<\/em><\/p>\n<p>&nbsp;<\/p>\n<p><img data-recalc-dims=\"1\" loading=\"lazy\" decoding=\"async\" class=\"alignnone size-large wp-image-25905\" src=\"https:\/\/i0.wp.com\/cdnoticias.com\/wp-content\/uploads\/2021\/07\/mte-7.jpg?resize=800%2C445&#038;ssl=1\" alt=\"\" width=\"800\" height=\"445\" srcset=\"https:\/\/i0.wp.com\/cdnoticias.com\/wp-content\/uploads\/2021\/07\/mte-7.jpg?resize=1024%2C569&amp;ssl=1 1024w, https:\/\/i0.wp.com\/cdnoticias.com\/wp-content\/uploads\/2021\/07\/mte-7.jpg?resize=300%2C167&amp;ssl=1 300w, https:\/\/i0.wp.com\/cdnoticias.com\/wp-content\/uploads\/2021\/07\/mte-7.jpg?resize=768%2C427&amp;ssl=1 768w, https:\/\/i0.wp.com\/cdnoticias.com\/wp-content\/uploads\/2021\/07\/mte-7.jpg?resize=800%2C445&amp;ssl=1 800w, https:\/\/i0.wp.com\/cdnoticias.com\/wp-content\/uploads\/2021\/07\/mte-7.jpg?w=1152&amp;ssl=1 1152w\" sizes=\"auto, (max-width: 800px) 100vw, 800px\" \/><\/p>\n<p>&nbsp;<\/p>\n<blockquote><p>En este punto, pidieron un mayor \u201ccompromiso del Municipio para con los trabajadores y los recuperadores. Cuando el vecino saca la bolsita, ese material pasa a ser municipal. Hay much\u00edsimo por hacer\u201d.<\/p><\/blockquote>\n<p>&nbsp;<\/p>\n<p>Otra advertencia que observaron desde la Cooperativa, en tanto, es que si bien<strong><em> \u201cel verdadero cartonero es el que labur\u00f3 en la calle con residuos\u201d<\/em><\/strong>, con la desocupaci\u00f3n, la pandemia y la crisis laboral <em>\u201ctenemos nuevos compa\u00f1eros a modo de querer llevar materiales porque no les alcanza con el sueldo. La idea es reforzar que esos compa\u00f1eros se sientan parte de su sector y no tener una clase cartonera recuperadora inmensa, porque otros sectores no le dan el lugar que se merecen\u201d<\/em> cerr\u00f3.<\/p>\n","protected":false},"excerpt":{"rendered":"<p>Realizaron una manifestaci\u00f3n en el Paseo Jes\u00fas Mend\u00eda. Yesica Semanyszyn, vocera de los trabajadores, explic\u00f3 los alcances del proyecto de<\/p>\n","protected":false},"author":2,"featured_media":25904,"comment_status":"closed","ping_status":"closed","sticky":false,"template":"","format":"standard","meta":{"_jetpack_memberships_contains_paid_content":false,"footnotes":""},"categories":[5,1],"tags":[],"class_list":["post-25922","post","type-post","status-publish","format-standard","has-post-thumbnail","hentry","category-informacion-general","category-portada"],"jetpack_featured_media_url":"https:\/\/i0.wp.com\/cdnoticias.com\/wp-content\/uploads\/2021\/07\/mte-6.jpg?fit=1152%2C640&ssl=1","jetpack_sharing_enabled":true,"_links":{"self":[{"href":"https:\/\/cdnoticias.com\/index.php\/wp-json\/wp\/v2\/posts\/25922","targetHints":{"allow":["GET"]}}],"collection":[{"href":"https:\/\/cdnoticias.com\/index.php\/wp-json\/wp\/v2\/posts"}],"about":[{"href":"https:\/\/cdnoticias.com\/index.php\/wp-json\/wp\/v2\/types\/post"}],"author":[{"embeddable":true,"href":"https:\/\/cdnoticias.com\/index.php\/wp-json\/wp\/v2\/users\/2"}],"replies":[{"embeddable":true,"href":"https:\/\/cdnoticias.com\/index.php\/wp-json\/wp\/v2\/comments?post=25922"}],"version-history":[{"count":0,"href":"https:\/\/cdnoticias.com\/index.php\/wp-json\/wp\/v2\/posts\/25922\/revisions"}],"wp:featuredmedia":[{"embeddable":true,"href":"https:\/\/cdnoticias.com\/index.php\/wp-json\/wp\/v2\/media\/25904"}],"wp:attachment":[{"href":"https:\/\/cdnoticias.com\/index.php\/wp-json\/wp\/v2\/media?parent=25922"}],"wp:term":[{"taxonomy":"category","embeddable":true,"href":"https:\/\/cdnoticias.com\/index.php\/wp-json\/wp\/v2\/categories?post=25922"},{"taxonomy":"post_tag","embeddable":true,"href":"https:\/\/cdnoticias.com\/index.php\/wp-json\/wp\/v2\/tags?post=25922"}],"curies":[{"name":"wp","href":"https:\/\/api.w.org\/{rel}","templated":true}]}}