{"id":25873,"date":"2021-07-05T21:54:10","date_gmt":"2021-07-06T00:54:10","guid":{"rendered":"http:\/\/www.centraldenoticias.com.ar\/?p=25873"},"modified":"2021-07-06T08:37:00","modified_gmt":"2021-07-06T11:37:00","slug":"con-cuchillos-y-un-revolver-de-plastico-asaltaron-un-kiosco-y-fueron-capturados","status":"publish","type":"post","link":"https:\/\/cdnoticias.com\/index.php\/2021\/07\/05\/con-cuchillos-y-un-revolver-de-plastico-asaltaron-un-kiosco-y-fueron-capturados\/","title":{"rendered":"Con cuchillos y un rev\u00f3lver de pl\u00e1stico asaltaron un kiosco y fueron capturados"},"content":{"rendered":"<p>Uno de los acusados es un adolescente de 16 a\u00f1os. Los restantes, de 25 y 27 a\u00f1os. Todos est\u00e1n alojados provisoriamente en la comisar\u00eda Primera.<!--more--><\/p>\n<hr \/>\n<p>Personal del Comando de Patrullas, con la colaboraci\u00f3n de agentes dependientes de la Estaci\u00f3n de Polic\u00eda Departamental Olavarr\u00eda, lograron llevar adelante en la noche de este lunes la captura de tres personas, a quienes<strong> se las acusa de ser las autoras de un violento asalto que poco antes se registr\u00f3 en un kiosco del microcentro local.<\/strong><\/p>\n<p>&nbsp;<\/p>\n<p>De acuerdo con lo que logr\u00f3 conocer <em><strong>Central de Noticias<\/strong><\/em>, el hecho ocurri\u00f3 en un local ubicado en la esquina de Bol\u00edvar y Lamadrid, donde dos desconocidos ingresaron y amenazaron al responsable del lugar<strong> esgrimiendo tanto armas blancas como un arma de fuego. De esa manera lograron apoderarse, entre otros elementos, de atados de cigarrillos, dinero en efectivo y un tel\u00e9fono celular.<\/strong><\/p>\n<p>&nbsp;<\/p>\n<p><img data-recalc-dims=\"1\" loading=\"lazy\" decoding=\"async\" class=\"alignnone size-full wp-image-25875\" src=\"https:\/\/i0.wp.com\/cdnoticias.com\/wp-content\/uploads\/2021\/07\/WhatsApp-Image-2021-07-05-at-21.35.21-e1625532705142.jpeg?resize=800%2C385&#038;ssl=1\" alt=\"\" width=\"800\" height=\"385\" srcset=\"https:\/\/i0.wp.com\/cdnoticias.com\/wp-content\/uploads\/2021\/07\/WhatsApp-Image-2021-07-05-at-21.35.21-e1625532705142.jpeg?w=880&amp;ssl=1 880w, https:\/\/i0.wp.com\/cdnoticias.com\/wp-content\/uploads\/2021\/07\/WhatsApp-Image-2021-07-05-at-21.35.21-e1625532705142.jpeg?resize=300%2C145&amp;ssl=1 300w, https:\/\/i0.wp.com\/cdnoticias.com\/wp-content\/uploads\/2021\/07\/WhatsApp-Image-2021-07-05-at-21.35.21-e1625532705142.jpeg?resize=768%2C370&amp;ssl=1 768w\" sizes=\"auto, (max-width: 800px) 100vw, 800px\" \/><\/p>\n<p>&nbsp;<\/p>\n<p>Seg\u00fan se logr\u00f3 reconstruir, un tercer implicado aguardaba en el exterior a bordo de un Fiat Siena. El r\u00e1pido aviso al servicio de emergencias permiti\u00f3 cerrar el cerco sobre ese rodado, que pudo ser interceptado minutos m\u00e1s tarde<strong> gracias a un operativo cerrojo que se llev\u00f3 adelante sobre avenida De los Trabajadores, entre Lamadrid y Espa\u00f1a.<\/strong><\/p>\n<p>&nbsp;<\/p>\n<p>De esa manera se pudo llevar a cabo tambi\u00e9n la captura de los sospechosos y el <strong>secuestro de todos los elementos robados, adem\u00e1s de incautar dos cuchillos Tramontina y un rev\u00f3lver de pl\u00e1stico.<\/strong><\/p>\n<p>&nbsp;<\/p>\n<p><img data-recalc-dims=\"1\" loading=\"lazy\" decoding=\"async\" class=\"alignnone size-large wp-image-25876\" src=\"https:\/\/i0.wp.com\/cdnoticias.com\/wp-content\/uploads\/2021\/07\/WhatsApp-Image-2021-07-05-at-21.46.09-e1625532758303-1024x533.jpeg?resize=800%2C416&#038;ssl=1\" alt=\"\" width=\"800\" height=\"416\" srcset=\"https:\/\/i0.wp.com\/cdnoticias.com\/wp-content\/uploads\/2021\/07\/WhatsApp-Image-2021-07-05-at-21.46.09-e1625532758303.jpeg?resize=1024%2C533&amp;ssl=1 1024w, https:\/\/i0.wp.com\/cdnoticias.com\/wp-content\/uploads\/2021\/07\/WhatsApp-Image-2021-07-05-at-21.46.09-e1625532758303.jpeg?resize=300%2C156&amp;ssl=1 300w, https:\/\/i0.wp.com\/cdnoticias.com\/wp-content\/uploads\/2021\/07\/WhatsApp-Image-2021-07-05-at-21.46.09-e1625532758303.jpeg?resize=768%2C400&amp;ssl=1 768w, https:\/\/i0.wp.com\/cdnoticias.com\/wp-content\/uploads\/2021\/07\/WhatsApp-Image-2021-07-05-at-21.46.09-e1625532758303.jpeg?w=1235&amp;ssl=1 1235w\" sizes=\"auto, (max-width: 800px) 100vw, 800px\" \/><\/p>\n<p>&nbsp;<\/p>\n<p>Sobre los ocupantes del rodado se logr\u00f3 determinar que se trat\u00f3 de dos j\u00f3venes, de 25 y 27 a\u00f1os respectivamente, adem\u00e1s de un adolescente de 16 a\u00f1os, situaci\u00f3n que se erige como un agravante al momento de tipificar los hechos, que fueron encuadrados, precisamente, como<strong> \u201crobo calificado por el empleo de arma, agravado por la participaci\u00f3n de un menor de edad\u201d.<\/strong><\/p>\n<p>&nbsp;<\/p>\n<p><strong> Es por ello tambi\u00e9n que entiende en la instrucci\u00f3n el Fuero Penal de Responsabilidad Juvenil<\/strong>, quien deber\u00e1 resolver en las pr\u00f3ximas horas qu\u00e9 postura adopta con cada uno de los acusados, quienes provisoriamente permanecen alojados en la comisar\u00eda Primera.<\/p>\n","protected":false},"excerpt":{"rendered":"<p>Uno de los acusados es un adolescente de 16 a\u00f1os. Los restantes, de 25 y 27 a\u00f1os. Todos est\u00e1n alojados<\/p>\n","protected":false},"author":3,"featured_media":25874,"comment_status":"closed","ping_status":"closed","sticky":false,"template":"","format":"standard","meta":{"_jetpack_memberships_contains_paid_content":false,"footnotes":""},"categories":[14,1],"tags":[],"class_list":["post-25873","post","type-post","status-publish","format-standard","has-post-thumbnail","hentry","category-policiales","category-portada"],"jetpack_featured_media_url":"https:\/\/i0.wp.com\/cdnoticias.com\/wp-content\/uploads\/2021\/07\/WhatsApp-Image-2021-07-05-at-21.35.20-e1625532677768.jpeg?fit=1174%2C617&ssl=1","jetpack_sharing_enabled":true,"_links":{"self":[{"href":"https:\/\/cdnoticias.com\/index.php\/wp-json\/wp\/v2\/posts\/25873","targetHints":{"allow":["GET"]}}],"collection":[{"href":"https:\/\/cdnoticias.com\/index.php\/wp-json\/wp\/v2\/posts"}],"about":[{"href":"https:\/\/cdnoticias.com\/index.php\/wp-json\/wp\/v2\/types\/post"}],"author":[{"embeddable":true,"href":"https:\/\/cdnoticias.com\/index.php\/wp-json\/wp\/v2\/users\/3"}],"replies":[{"embeddable":true,"href":"https:\/\/cdnoticias.com\/index.php\/wp-json\/wp\/v2\/comments?post=25873"}],"version-history":[{"count":0,"href":"https:\/\/cdnoticias.com\/index.php\/wp-json\/wp\/v2\/posts\/25873\/revisions"}],"wp:featuredmedia":[{"embeddable":true,"href":"https:\/\/cdnoticias.com\/index.php\/wp-json\/wp\/v2\/media\/25874"}],"wp:attachment":[{"href":"https:\/\/cdnoticias.com\/index.php\/wp-json\/wp\/v2\/media?parent=25873"}],"wp:term":[{"taxonomy":"category","embeddable":true,"href":"https:\/\/cdnoticias.com\/index.php\/wp-json\/wp\/v2\/categories?post=25873"},{"taxonomy":"post_tag","embeddable":true,"href":"https:\/\/cdnoticias.com\/index.php\/wp-json\/wp\/v2\/tags?post=25873"}],"curies":[{"name":"wp","href":"https:\/\/api.w.org\/{rel}","templated":true}]}}