{"id":25861,"date":"2021-07-05T20:04:03","date_gmt":"2021-07-05T23:04:03","guid":{"rendered":"http:\/\/www.centraldenoticias.com.ar\/?p=25861"},"modified":"2021-07-05T20:04:03","modified_gmt":"2021-07-05T23:04:03","slug":"decretaron-la-quiebra-del-correo-argentino-s-a-la-empresa-del-grupo-macri","status":"publish","type":"post","link":"https:\/\/cdnoticias.com\/index.php\/2021\/07\/05\/decretaron-la-quiebra-del-correo-argentino-s-a-la-empresa-del-grupo-macri\/","title":{"rendered":"Decretaron la quiebra del Correo Argentino S.A., la empresa del Grupo Macri"},"content":{"rendered":"<p>El fallo corresponde a la Justicia comercial. No hubo acuerdo por el salvataje. El ex presidente hab\u00eda escrito una dura carga buscando defenderse del proceso.<!--more--><\/p>\n<hr \/>\n<p><strong>La jueza en lo Comercial Marta Cirulli decret\u00f3 este lunes la quiebra del Correo Argentino S.A., empresa del Grupo Macri, tras dar por fracasado el proceso de salvataje<\/strong>, y le otorg\u00f3 cinco d\u00edas para poner a disposici\u00f3n de la Justicia todos los bienes de la compa\u00f1\u00eda postal.<\/p>\n<p>&nbsp;<\/p>\n<p>\u201cH\u00e1gase saber la quiebra decretada, a cuyo fin of\u00edciese a la Inspecci\u00f3n General de Justicia, y al Banco Central de la Rep\u00fablica Argentina. Requi\u00e9rasele asimismo a este \u00faltimo, que comunique e<strong>l estado de falencia a todas las instituciones de cr\u00e9dito del pa\u00eds, las que deber\u00e1n trabar embargo sobre todas las sumas de dinero y otros valores que se encuentren depositados a la orden de la fallida<\/strong>, y procedan a transferirlos al Banco de la Ciudad de Buenos Aires, a la cuenta de autos y a la orden de la suscripta\u201d, sostuvo la jueza.<\/p>\n<p>&nbsp;<\/p>\n<p><img data-recalc-dims=\"1\" loading=\"lazy\" decoding=\"async\" class=\"alignnone size-large wp-image-9905\" src=\"https:\/\/i0.wp.com\/cdnoticias.com\/wp-content\/uploads\/2020\/12\/Correo-1068x601.jpg?resize=800%2C450&#038;ssl=1\" alt=\"\" width=\"800\" height=\"450\" srcset=\"https:\/\/i0.wp.com\/cdnoticias.com\/wp-content\/uploads\/2020\/12\/Correo-1068x601.jpg?resize=1024%2C576&amp;ssl=1 1024w, https:\/\/i0.wp.com\/cdnoticias.com\/wp-content\/uploads\/2020\/12\/Correo-1068x601.jpg?resize=300%2C169&amp;ssl=1 300w, https:\/\/i0.wp.com\/cdnoticias.com\/wp-content\/uploads\/2020\/12\/Correo-1068x601.jpg?resize=768%2C432&amp;ssl=1 768w, https:\/\/i0.wp.com\/cdnoticias.com\/wp-content\/uploads\/2020\/12\/Correo-1068x601.jpg?resize=1068%2C601&amp;ssl=1 1068w\" sizes=\"auto, (max-width: 800px) 100vw, 800px\" \/><\/p>\n<p>&nbsp;<\/p>\n<p>Adem\u00e1s, intim\u00f3 al Correo, <strong>\u201csus apoderados y terceros para que, dentro del quinto d\u00eda, entreguen o pongan a disposici\u00f3n del s\u00edndico la totalidad de los bienes de la deudora<\/strong>. Int\u00edmesela asimismo para que -dentro de las 24 horas- entregue al s\u00edndico los libros de comercio y dem\u00e1s documentaci\u00f3n relacionada con la contabilidad\u201d.<\/p>\n<p>&nbsp;<\/p>\n<p>En el fallo, Cirulli describe la situaci\u00f3n actual de la empresa como<strong> \u201cruinosa\u201d, dice que \u201cno tiene actividad comercial\u201d<\/strong> y que no puede \u201cafrontar m\u00ednimamente sus ahora reducidos gastos ordinarios -que se satisfacen mediante donaciones societarias- y con un desmesurado pasivo concursal y postconcursal\u201d.<\/p>\n<p>&nbsp;<\/p>\n<blockquote><p>Cabe recordar que el Correo Argentino S.A. ofreci\u00f3 pagarle al Estado, de una sola vez y como toda deuda, 1.011 millones de pesos, en su \u00faltima oferta. La cifra representa bastante m\u00e1s que los 296 millones (a pagar en cuotas) que estuvo dispuesto a aceptar el Gobierno del propio Macri pero mucho menos de los m\u00e1s de 5.000 millones que reclama la Procuraci\u00f3n del Tesoro de la Naci\u00f3n (PTN).<\/p><\/blockquote>\n<p>&nbsp;<\/p>\n<p>Sin embargo, la PNT rechaz\u00f3 la propuesta de salvataje que inclu\u00eda pagarle a los dem\u00e1s acreedores en 10 cuotas anuales; pero tambi\u00e9n el Banco de la Naci\u00f3n Argentina y un grupo de acreedores con cr\u00e9ditos laborales legitimados tampoco prestaron conformidad. <strong>El Grupo Macri obtuvo la concesi\u00f3n del Correo Argentino en 1997 durante el Gobierno del fallecido expresidente Carlos Menem<\/strong> y esa concesi\u00f3n fue rescindida en 2003, cuando la administraci\u00f3n de N\u00e9stor Kirchner detect\u00f3 que la empresa solo hab\u00eda pagado uno de los c\u00e1nones semestrales que le correspond\u00eda abonar por cifras superiores a los 50 millones de pesos\/d\u00f3lares.<\/p>\n<p>&nbsp;<\/p>\n<p><strong>El concurso de acreedores del Correo Argentino S.A. comenz\u00f3 en el 2001 y el caso cobr\u00f3 mayor exposici\u00f3n p\u00fablica en 2016, durante el Gobierno de Macri, porque el Poder Ejecutivo se mostr\u00f3 dispuesto a aceptar una oferta que consideraba que la deuda era la misma que en 2001<\/strong> y propon\u00eda pagarla en 15 cuotas, algo que la fiscal de la causa Gabriela Boquin se opuso por considerar que era \u201cabusivo\u201d.<\/p>\n<p>&nbsp;<\/p>\n<p>El fin de semana, Macri public\u00f3 una carta en la que fustig\u00f3 al Gobierno, al asegurar que \u201cbuscan venganza\u201d contra \u00e9l, a trav\u00e9s de la Justicia; y en la que apunt\u00f3 al procurador del Tesoro, Carlos Zannini, como quien se encarga de \u201cmanipular\u201d a dicho poder. <strong>\u201cBuscan da\u00f1arme y tienen como objetivo a mis hijos\u201d, asegur\u00f3 Macri quien, a trav\u00e9s del escrito, detall\u00f3 su punto de vista sobre el desarrollo de la causa del Correo.<\/strong><\/p>\n<p>&nbsp;<\/p>\n<p><img data-recalc-dims=\"1\" loading=\"lazy\" decoding=\"async\" class=\"alignnone size-full wp-image-16576\" src=\"https:\/\/i0.wp.com\/cdnoticias.com\/wp-content\/uploads\/2021\/03\/el-ex-presidente-mauricio-macri-presento-su-libro-primer-tiempo-1147346.jpg?resize=800%2C450&#038;ssl=1\" alt=\"\" width=\"800\" height=\"450\" srcset=\"https:\/\/i0.wp.com\/cdnoticias.com\/wp-content\/uploads\/2021\/03\/el-ex-presidente-mauricio-macri-presento-su-libro-primer-tiempo-1147346.jpg?w=960&amp;ssl=1 960w, https:\/\/i0.wp.com\/cdnoticias.com\/wp-content\/uploads\/2021\/03\/el-ex-presidente-mauricio-macri-presento-su-libro-primer-tiempo-1147346.jpg?resize=300%2C169&amp;ssl=1 300w, https:\/\/i0.wp.com\/cdnoticias.com\/wp-content\/uploads\/2021\/03\/el-ex-presidente-mauricio-macri-presento-su-libro-primer-tiempo-1147346.jpg?resize=768%2C432&amp;ssl=1 768w\" sizes=\"auto, (max-width: 800px) 100vw, 800px\" \/><\/p>\n<p>&nbsp;<\/p>\n<p><strong>\u201cNo solo est\u00e1 en juego la integridad de mi familia, sino la idea misma de justicia\u201d, consider\u00f3 el exmandatario<\/strong>, quien desde Europa asegur\u00f3 que Zannini, \u201cactuando en contra de los intereses del Estado y de la gente, rechaz\u00f3 cobrar el 100% de lo adeudado\u201d por la empresa, y asegur\u00f3 que el funcionario kirchnerista, mediante un \u201cexceso de sus facultades\u201d, quiere que la compa\u00f1\u00eda quiebre.<\/p>\n<p>&nbsp;<\/p>\n<p>El expresidente tambi\u00e9n dirigi\u00f3 mensajes para miembros de la Justicia, entre ellos la fiscal Boqu\u00edn. Dijo, sobre ella, que rechaz\u00f3 todas las propuestas de pago hechas por la compa\u00f1\u00eda, desliz\u00f3 imparcialidad en su accionar y la acus\u00f3, al igual que a Zannini, de perseguir la quiebra de la compa\u00f1\u00eda.\u00a0<strong>\u201cLa fiscal no quiere que el Estado nacional cobre, quiere que el Correo Argentino quiebre. Es raro, este no es el comportamiento que tiene con otras empresas. De hecho, es todo lo contrario a lo que hizo con OIL Combustibles, la empresa de Crist\u00f3bal L\u00f3pez\u201d, asegur\u00f3 Macri<\/strong>, que en la carta tambi\u00e9n realiz\u00f3 una advertencia sobre la posici\u00f3n que podr\u00eda tomar la jueza Marta Cirulli, que lleva adelante el concurso.<\/p>\n<p>&nbsp;<\/p>\n<p>Con esa carta, Macri busc\u00f3 ejercer cierta presi\u00f3n sobre la magistrada y los Camaristas Mar\u00eda Lilia D\u00edaz Cordero y Matilde Ballerini, luego de que la C\u00e1mara de Apelaciones en lo Comercial decidiera que el Tribunal Superior de Justicia de la Ciudad de Buenos Aires (TSJ) no tiene competencia para tratar el expediente. \u00c9sta hab\u00eda sido la \u00faltima maniobra del ex presidente para evitar que el Correo se declare en quiebra, y <strong>fue denunciada por Boqu\u00edn como un intento de \u201cforum shopping\u201d, es decir, un artilugio para que el expediente fuera tratado por un tribunal \u201camigo\u201d.<\/strong><\/p>\n<p>&nbsp;<\/p>\n<p><a href=\"https:\/\/dib.com.ar\/2021\/07\/decretaron-la-quiebra-del-correo-argentino-s-a-empresa-del-grupo-macri\/\" target=\"_blank\" rel=\"noopener\"><em>Fuente DIB<\/em><\/a><\/p>\n","protected":false},"excerpt":{"rendered":"<p>El fallo corresponde a la Justicia comercial. No hubo acuerdo por el salvataje. El ex presidente hab\u00eda escrito una dura<\/p>\n","protected":false},"author":3,"featured_media":25864,"comment_status":"closed","ping_status":"closed","sticky":false,"template":"","format":"standard","meta":{"_jetpack_memberships_contains_paid_content":false,"footnotes":""},"categories":[6],"tags":[],"class_list":["post-25861","post","type-post","status-publish","format-standard","has-post-thumbnail","hentry","category-nacionales"],"jetpack_featured_media_url":"https:\/\/i0.wp.com\/cdnoticias.com\/wp-content\/uploads\/2021\/07\/correo-argentino-696x465-e1625524559327.jpg?fit=689%2C405&ssl=1","jetpack_sharing_enabled":true,"_links":{"self":[{"href":"https:\/\/cdnoticias.com\/index.php\/wp-json\/wp\/v2\/posts\/25861","targetHints":{"allow":["GET"]}}],"collection":[{"href":"https:\/\/cdnoticias.com\/index.php\/wp-json\/wp\/v2\/posts"}],"about":[{"href":"https:\/\/cdnoticias.com\/index.php\/wp-json\/wp\/v2\/types\/post"}],"author":[{"embeddable":true,"href":"https:\/\/cdnoticias.com\/index.php\/wp-json\/wp\/v2\/users\/3"}],"replies":[{"embeddable":true,"href":"https:\/\/cdnoticias.com\/index.php\/wp-json\/wp\/v2\/comments?post=25861"}],"version-history":[{"count":0,"href":"https:\/\/cdnoticias.com\/index.php\/wp-json\/wp\/v2\/posts\/25861\/revisions"}],"wp:featuredmedia":[{"embeddable":true,"href":"https:\/\/cdnoticias.com\/index.php\/wp-json\/wp\/v2\/media\/25864"}],"wp:attachment":[{"href":"https:\/\/cdnoticias.com\/index.php\/wp-json\/wp\/v2\/media?parent=25861"}],"wp:term":[{"taxonomy":"category","embeddable":true,"href":"https:\/\/cdnoticias.com\/index.php\/wp-json\/wp\/v2\/categories?post=25861"},{"taxonomy":"post_tag","embeddable":true,"href":"https:\/\/cdnoticias.com\/index.php\/wp-json\/wp\/v2\/tags?post=25861"}],"curies":[{"name":"wp","href":"https:\/\/api.w.org\/{rel}","templated":true}]}}